{"id":1012,"date":"2016-10-14T00:05:12","date_gmt":"2016-10-13T21:05:12","guid":{"rendered":"https:\/\/ph.yhb.org.il\/es\/?p=1012"},"modified":"2016-11-30T15:16:33","modified_gmt":"2016-11-30T13:16:33","slug":"02-14-05","status":"publish","type":"post","link":"https:\/\/ph.yhb.org.il\/es\/02-14-05\/","title":{"rendered":"05. \u00bfQu\u00e9 partes corresponde saltearse para unirse a la congregaci\u00f3n en la Amid\u00e1?"},"content":{"rendered":"<p>Quien llega tarde al servicio y ve que la congregaci\u00f3n est\u00e1 por finalizar los c\u00e1nticos de alabanza, es mejor que los omita para as\u00ed poder rezar con la comunidad, pues la plegaria con \u00ab<em>Mini\u00e1n<\/em>\u00bb tiene mayor importancia que el recitado de los c\u00e1nticos en cuesti\u00f3n. Esto se debe a que los c\u00e1nticos de alabanza se recitan como preparativo para el rezo, para que este sea mejor recibido, empero quien reza con \u00ab<em>Mini\u00e1n<\/em>\u00ab, seguramente su plegaria ser\u00e1 bien recibida (Tratado de <em>Berajot<\/em> 8(A)). Por lo tanto, quien llega tarde al servicio, es mejor que se saltee la mayor parte de las bendiciones matinales, ofrendas y c\u00e1nticos de alabanza para alcanzar a rezar la \u00ab<em>Amid\u00e1<\/em>\u00bb con la congregaci\u00f3n.<\/p>\n<p>Sin embargo, no se ha de saltear\u00a0 \u00ab<em>Baruj Sheamar<\/em>\u00ab, \u00ab<em>Ashrei<\/em>\u00bb ni \u00ab<em>Ishtabaj<\/em>\u00bb para no perder su recitado. Esto se debe a que estas alabanzas fueron dise\u00f1adas para ser recitadas antes del rezo, por lo que despu\u00e9s de la <em>\u00abAmid\u00e1\u00bb<\/em> ya no se pueden completar. A los efectos\u00a0 de recitar las bendiciones de los c\u00e1nticos de alabanza es necesario decir aunque sea una porci\u00f3n de estos, por lo que corresponde escoger al m\u00e1s importante de los mismos que es \u00a0\u00ab<em>Ashrei<\/em>\u00ab.<\/p>\n<p>Asimismo es importante poner cuidado en recitar previo al rezo la bendici\u00f3n de \u00ab<em>Eloh-ai Nesham\u00e1<\/em>\u00bb y las bendiciones de la Tor\u00e1, que si no las recita antes de rezar las habr\u00e1 de perder (<em>Mishn\u00e1 Berur\u00e1<\/em> 52:9 y <em>Beur Halaj\u00e1<\/em> all\u00ed). Adem\u00e1s, antes del rezo es necesario envolverse en el <em>talit <\/em>y colocar los <em>tefil\u00edn<\/em>.<\/p>\n<p>Si la persona no tiene tiempo para recitar todas las bendiciones, luego el \u00ab<em>Ashrei<\/em>\u00bb y alcanzar a rezar la Amid\u00e1 con la congregaci\u00f3n, habr\u00e1 de rezar solo sin saltearse nada.<\/p>\n<p>A priori es bueno que la persona calcule sus \u00abatajos\u00bb de modo tal que alcance a rezar con la congregaci\u00f3n, es decir, con diez que rezan la <em>\u00abAmid\u00e1\u00bb<\/em> en silencio. Sin embargo, si la persona ve que no alcanzar\u00e1 a recitar las bendiciones, luego el \u00ab<em>Ashrei<\/em>\u00bb y adem\u00e1s alcanzar a rezar la Amid\u00e1 con\u00a0 la congregaci\u00f3n, que haga\u00a0 el esfuerzo de rezar la \u00ab<em>Amid\u00e1<\/em>\u00bb durante la repetici\u00f3n en voz alta del oficiante, que a ojos de la mayor\u00eda de los juristas tambi\u00e9n se considera rezar con la congregaci\u00f3n.<\/p>\n<p>Quien se ve en la necesidad de saltear pasajes de los c\u00e1nticos de alabanza para rezar con el \u00ab<em>Mini\u00e1n<\/em>\u00ab, es bueno que los complete despu\u00e9s del servicio.<\/p>\n","protected":false},"excerpt":{"rendered":"<p>Quien llega tarde al servicio y ve que la congregaci\u00f3n est\u00e1 por finalizar los c\u00e1nticos de alabanza, es mejor que los omita para as\u00ed poder rezar con la comunidad, pues la plegaria con \u00abMini\u00e1n\u00bb tiene mayor importancia que el recitado de los c\u00e1nticos en cuesti\u00f3n. Esto se debe a que los c\u00e1nticos de alabanza se [&hellip;]<\/p>\n","protected":false},"author":9,"featured_media":0,"comment_status":"open","ping_status":"open","sticky":false,"template":"","format":"standard","meta":{"footnotes":""},"categories":[49],"tags":[],"class_list":["post-1012","post","type-post","status-publish","format-standard","hentry","category-02-14"],"yoast_head":"<!-- This site is optimized with the Yoast SEO plugin v27.3 - https:\/\/yoast.com\/product\/yoast-seo-wordpress\/ -->\n<title>05. \u00bfQu\u00e9 partes corresponde saltearse para unirse a la congregaci\u00f3n en la Amid\u00e1? - Pninei Halaj\u00e1<\/title>\n<meta name=\"robots\" content=\"index, follow, max-snippet:-1, max-image-preview:large, max-video-preview:-1\" \/>\n<link rel=\"canonical\" href=\"https:\/\/ph.yhb.org.il\/es\/02-14-05\/\" \/>\n<meta property=\"og:locale\" content=\"es_ES\" \/>\n<meta property=\"og:type\" content=\"article\" \/>\n<meta property=\"og:title\" content=\"05. \u00bfQu\u00e9 partes corresponde saltearse para unirse a la congregaci\u00f3n en la Amid\u00e1? - Pninei Halaj\u00e1\" \/>\n<meta property=\"og:description\" content=\"Quien llega tarde al servicio y ve que la congregaci\u00f3n est\u00e1 por finalizar los c\u00e1nticos de alabanza, es mejor que los omita para as\u00ed poder rezar con la comunidad, pues la plegaria con \u00abMini\u00e1n\u00bb tiene mayor importancia que el recitado de los c\u00e1nticos en cuesti\u00f3n. Esto se debe a que los c\u00e1nticos de alabanza se [&hellip;]\" \/>\n<meta property=\"og:url\" content=\"https:\/\/ph.yhb.org.il\/es\/02-14-05\/\" \/>\n<meta property=\"og:site_name\" content=\"Pninei Halaj\u00e1\" \/>\n<meta property=\"article:published_time\" content=\"2016-10-13T21:05:12+00:00\" \/>\n<meta property=\"article:modified_time\" content=\"2016-11-30T13:16:33+00:00\" \/>\n<meta name=\"author\" content=\"orah765768\" \/>\n<meta name=\"twitter:card\" content=\"summary_large_image\" \/>\n<meta name=\"twitter:label1\" content=\"Escrito por\" \/>\n\t<meta name=\"twitter:data1\" content=\"orah765768\" \/>\n\t<meta name=\"twitter:label2\" content=\"Tiempo de lectura\" \/>\n\t<meta name=\"twitter:data2\" content=\"2 minutos\" \/>\n<script type=\"application\/ld+json\" class=\"yoast-schema-graph\">{\"@context\":\"https:\\\/\\\/schema.org\",\"@graph\":[{\"@type\":\"Article\",\"@id\":\"https:\\\/\\\/ph.yhb.org.il\\\/es\\\/02-14-05\\\/#article\",\"isPartOf\":{\"@id\":\"https:\\\/\\\/ph.yhb.org.il\\\/es\\\/02-14-05\\\/\"},\"author\":{\"name\":\"orah765768\",\"@id\":\"https:\\\/\\\/ph.yhb.org.il\\\/es\\\/#\\\/schema\\\/person\\\/0996d17962bfd8ffd1c8ef7117a4204b\"},\"headline\":\"05. \u00bfQu\u00e9 partes corresponde saltearse para unirse a la congregaci\u00f3n en la Amid\u00e1?\",\"datePublished\":\"2016-10-13T21:05:12+00:00\",\"dateModified\":\"2016-11-30T13:16:33+00:00\",\"mainEntityOfPage\":{\"@id\":\"https:\\\/\\\/ph.yhb.org.il\\\/es\\\/02-14-05\\\/\"},\"wordCount\":434,\"commentCount\":0,\"articleSection\":[\"14. Los c\u00e1nticos de alabanza (Pesukei dezimr\u00e1).\"],\"inLanguage\":\"es\",\"potentialAction\":[{\"@type\":\"CommentAction\",\"name\":\"Comment\",\"target\":[\"https:\\\/\\\/ph.yhb.org.il\\\/es\\\/02-14-05\\\/#respond\"]}]},{\"@type\":\"WebPage\",\"@id\":\"https:\\\/\\\/ph.yhb.org.il\\\/es\\\/02-14-05\\\/\",\"url\":\"https:\\\/\\\/ph.yhb.org.il\\\/es\\\/02-14-05\\\/\",\"name\":\"05. \u00bfQu\u00e9 partes corresponde saltearse para unirse a la congregaci\u00f3n en la Amid\u00e1? - Pninei Halaj\u00e1\",\"isPartOf\":{\"@id\":\"https:\\\/\\\/ph.yhb.org.il\\\/es\\\/#website\"},\"datePublished\":\"2016-10-13T21:05:12+00:00\",\"dateModified\":\"2016-11-30T13:16:33+00:00\",\"author\":{\"@id\":\"https:\\\/\\\/ph.yhb.org.il\\\/es\\\/#\\\/schema\\\/person\\\/0996d17962bfd8ffd1c8ef7117a4204b\"},\"breadcrumb\":{\"@id\":\"https:\\\/\\\/ph.yhb.org.il\\\/es\\\/02-14-05\\\/#breadcrumb\"},\"inLanguage\":\"es\",\"potentialAction\":[{\"@type\":\"ReadAction\",\"target\":[\"https:\\\/\\\/ph.yhb.org.il\\\/es\\\/02-14-05\\\/\"]}]},{\"@type\":\"BreadcrumbList\",\"@id\":\"https:\\\/\\\/ph.yhb.org.il\\\/es\\\/02-14-05\\\/#breadcrumb\",\"itemListElement\":[{\"@type\":\"ListItem\",\"position\":1,\"name\":\"Inicio\",\"item\":\"https:\\\/\\\/ph.yhb.org.il\\\/es\\\/\"},{\"@type\":\"ListItem\",\"position\":2,\"name\":\"05. \u00bfQu\u00e9 partes corresponde saltearse para unirse a la congregaci\u00f3n en la Amid\u00e1?\"}]},{\"@type\":\"WebSite\",\"@id\":\"https:\\\/\\\/ph.yhb.org.il\\\/es\\\/#website\",\"url\":\"https:\\\/\\\/ph.yhb.org.il\\\/es\\\/\",\"name\":\"Pninei Halaj\u00e1\",\"description\":\"Rabino Eliezer Melamed\",\"potentialAction\":[{\"@type\":\"SearchAction\",\"target\":{\"@type\":\"EntryPoint\",\"urlTemplate\":\"https:\\\/\\\/ph.yhb.org.il\\\/es\\\/?s={search_term_string}\"},\"query-input\":{\"@type\":\"PropertyValueSpecification\",\"valueRequired\":true,\"valueName\":\"search_term_string\"}}],\"inLanguage\":\"es\"},{\"@type\":\"Person\",\"@id\":\"https:\\\/\\\/ph.yhb.org.il\\\/es\\\/#\\\/schema\\\/person\\\/0996d17962bfd8ffd1c8ef7117a4204b\",\"name\":\"orah765768\",\"image\":{\"@type\":\"ImageObject\",\"inLanguage\":\"es\",\"@id\":\"https:\\\/\\\/secure.gravatar.com\\\/avatar\\\/0fdb49d8a411a6adc7129873884ffe72812892b9141dc21fe63bbadcaf2d84f6?s=96&d=mm&r=g\",\"url\":\"https:\\\/\\\/secure.gravatar.com\\\/avatar\\\/0fdb49d8a411a6adc7129873884ffe72812892b9141dc21fe63bbadcaf2d84f6?s=96&d=mm&r=g\",\"contentUrl\":\"https:\\\/\\\/secure.gravatar.com\\\/avatar\\\/0fdb49d8a411a6adc7129873884ffe72812892b9141dc21fe63bbadcaf2d84f6?s=96&d=mm&r=g\",\"caption\":\"orah765768\"},\"url\":\"https:\\\/\\\/ph.yhb.org.il\\\/es\\\/author\\\/orah765768\\\/\"}]}<\/script>\n<!-- \/ Yoast SEO plugin. -->","yoast_head_json":{"title":"05. \u00bfQu\u00e9 partes corresponde saltearse para unirse a la congregaci\u00f3n en la Amid\u00e1? - Pninei Halaj\u00e1","robots":{"index":"index","follow":"follow","max-snippet":"max-snippet:-1","max-image-preview":"max-image-preview:large","max-video-preview":"max-video-preview:-1"},"canonical":"https:\/\/ph.yhb.org.il\/es\/02-14-05\/","og_locale":"es_ES","og_type":"article","og_title":"05. \u00bfQu\u00e9 partes corresponde saltearse para unirse a la congregaci\u00f3n en la Amid\u00e1? - Pninei Halaj\u00e1","og_description":"Quien llega tarde al servicio y ve que la congregaci\u00f3n est\u00e1 por finalizar los c\u00e1nticos de alabanza, es mejor que los omita para as\u00ed poder rezar con la comunidad, pues la plegaria con \u00abMini\u00e1n\u00bb tiene mayor importancia que el recitado de los c\u00e1nticos en cuesti\u00f3n. Esto se debe a que los c\u00e1nticos de alabanza se [&hellip;]","og_url":"https:\/\/ph.yhb.org.il\/es\/02-14-05\/","og_site_name":"Pninei Halaj\u00e1","article_published_time":"2016-10-13T21:05:12+00:00","article_modified_time":"2016-11-30T13:16:33+00:00","author":"orah765768","twitter_card":"summary_large_image","twitter_misc":{"Escrito por":"orah765768","Tiempo de lectura":"2 minutos"},"schema":{"@context":"https:\/\/schema.org","@graph":[{"@type":"Article","@id":"https:\/\/ph.yhb.org.il\/es\/02-14-05\/#article","isPartOf":{"@id":"https:\/\/ph.yhb.org.il\/es\/02-14-05\/"},"author":{"name":"orah765768","@id":"https:\/\/ph.yhb.org.il\/es\/#\/schema\/person\/0996d17962bfd8ffd1c8ef7117a4204b"},"headline":"05. \u00bfQu\u00e9 partes corresponde saltearse para unirse a la congregaci\u00f3n en la Amid\u00e1?","datePublished":"2016-10-13T21:05:12+00:00","dateModified":"2016-11-30T13:16:33+00:00","mainEntityOfPage":{"@id":"https:\/\/ph.yhb.org.il\/es\/02-14-05\/"},"wordCount":434,"commentCount":0,"articleSection":["14. Los c\u00e1nticos de alabanza (Pesukei dezimr\u00e1)."],"inLanguage":"es","potentialAction":[{"@type":"CommentAction","name":"Comment","target":["https:\/\/ph.yhb.org.il\/es\/02-14-05\/#respond"]}]},{"@type":"WebPage","@id":"https:\/\/ph.yhb.org.il\/es\/02-14-05\/","url":"https:\/\/ph.yhb.org.il\/es\/02-14-05\/","name":"05. \u00bfQu\u00e9 partes corresponde saltearse para unirse a la congregaci\u00f3n en la Amid\u00e1? - Pninei Halaj\u00e1","isPartOf":{"@id":"https:\/\/ph.yhb.org.il\/es\/#website"},"datePublished":"2016-10-13T21:05:12+00:00","dateModified":"2016-11-30T13:16:33+00:00","author":{"@id":"https:\/\/ph.yhb.org.il\/es\/#\/schema\/person\/0996d17962bfd8ffd1c8ef7117a4204b"},"breadcrumb":{"@id":"https:\/\/ph.yhb.org.il\/es\/02-14-05\/#breadcrumb"},"inLanguage":"es","potentialAction":[{"@type":"ReadAction","target":["https:\/\/ph.yhb.org.il\/es\/02-14-05\/"]}]},{"@type":"BreadcrumbList","@id":"https:\/\/ph.yhb.org.il\/es\/02-14-05\/#breadcrumb","itemListElement":[{"@type":"ListItem","position":1,"name":"Inicio","item":"https:\/\/ph.yhb.org.il\/es\/"},{"@type":"ListItem","position":2,"name":"05. \u00bfQu\u00e9 partes corresponde saltearse para unirse a la congregaci\u00f3n en la Amid\u00e1?"}]},{"@type":"WebSite","@id":"https:\/\/ph.yhb.org.il\/es\/#website","url":"https:\/\/ph.yhb.org.il\/es\/","name":"Pninei Halaj\u00e1","description":"Rabino Eliezer Melamed","potentialAction":[{"@type":"SearchAction","target":{"@type":"EntryPoint","urlTemplate":"https:\/\/ph.yhb.org.il\/es\/?s={search_term_string}"},"query-input":{"@type":"PropertyValueSpecification","valueRequired":true,"valueName":"search_term_string"}}],"inLanguage":"es"},{"@type":"Person","@id":"https:\/\/ph.yhb.org.il\/es\/#\/schema\/person\/0996d17962bfd8ffd1c8ef7117a4204b","name":"orah765768","image":{"@type":"ImageObject","inLanguage":"es","@id":"https:\/\/secure.gravatar.com\/avatar\/0fdb49d8a411a6adc7129873884ffe72812892b9141dc21fe63bbadcaf2d84f6?s=96&d=mm&r=g","url":"https:\/\/secure.gravatar.com\/avatar\/0fdb49d8a411a6adc7129873884ffe72812892b9141dc21fe63bbadcaf2d84f6?s=96&d=mm&r=g","contentUrl":"https:\/\/secure.gravatar.com\/avatar\/0fdb49d8a411a6adc7129873884ffe72812892b9141dc21fe63bbadcaf2d84f6?s=96&d=mm&r=g","caption":"orah765768"},"url":"https:\/\/ph.yhb.org.il\/es\/author\/orah765768\/"}]}},"_links":{"self":[{"href":"https:\/\/ph.yhb.org.il\/es\/wp-json\/wp\/v2\/posts\/1012","targetHints":{"allow":["GET"]}}],"collection":[{"href":"https:\/\/ph.yhb.org.il\/es\/wp-json\/wp\/v2\/posts"}],"about":[{"href":"https:\/\/ph.yhb.org.il\/es\/wp-json\/wp\/v2\/types\/post"}],"author":[{"embeddable":true,"href":"https:\/\/ph.yhb.org.il\/es\/wp-json\/wp\/v2\/users\/9"}],"replies":[{"embeddable":true,"href":"https:\/\/ph.yhb.org.il\/es\/wp-json\/wp\/v2\/comments?post=1012"}],"version-history":[{"count":0,"href":"https:\/\/ph.yhb.org.il\/es\/wp-json\/wp\/v2\/posts\/1012\/revisions"}],"wp:attachment":[{"href":"https:\/\/ph.yhb.org.il\/es\/wp-json\/wp\/v2\/media?parent=1012"}],"wp:term":[{"taxonomy":"category","embeddable":true,"href":"https:\/\/ph.yhb.org.il\/es\/wp-json\/wp\/v2\/categories?post=1012"},{"taxonomy":"post_tag","embeddable":true,"href":"https:\/\/ph.yhb.org.il\/es\/wp-json\/wp\/v2\/tags?post=1012"}],"curies":[{"name":"wp","href":"https:\/\/api.w.org\/{rel}","templated":true}]}}