{"id":229,"date":"2000-05-05T01:00:30","date_gmt":"2000-05-04T22:00:30","guid":{"rendered":"https:\/\/ph.yhb.org.il\/es\/?p=229"},"modified":"2015-05-13T10:23:16","modified_gmt":"2015-05-13T07:23:16","slug":"05-05-01","status":"publish","type":"post","link":"https:\/\/ph.yhb.org.il\/es\/05-05-01\/","title":{"rendered":"1 &#8211; Lag Ba\u2019Omer."},"content":{"rendered":"<p>Es tradici\u00f3n alegrarse en Lag Ba\u00b4Omer, y si bien en los d\u00edas del conteo se mantienen algunas costumbres de luto, en el d\u00eda treinta y tres  no se recita Tajan\u00fan ni siquiera en el servicio de Minj\u00e1 de la v\u00edspera, no se ayuna y est\u00e1 permitido cantar y bailar.<\/p>\n<p>La raz\u00f3n de la alegr\u00eda del d\u00eda treinta y tres radica en que, seg\u00fan la tradici\u00f3n de los sabios medievales, en Lag Ba\u2019Omer los alumnos de Rab\u00ed Akiva cesaron de fallecer (Meiri a Ievamot 62(B), Shulj\u00e1n Aruj 493:2). Hay quienes entienden que los disc\u00edpulos continuaron falleciendo pasado el d\u00eda treinta y tres, empero en Lag Ba\u2019Omer Rab\u00ed Akiva comenz\u00f3 a ense\u00f1ar a sus nuevos alumnos, entre los que figuraba Rab\u00ed Shimon Bar Iojai, y estos ya no murieron en aquella epidemia. De estos nuevos disc\u00edpulos se volvi\u00f3 a propagar la Tor\u00e1 a todo el pueblo de Israel y por esta raz\u00f3n nos alegramos en Lag Ba\u2019Omer (Peraj 493:2). Hay quienes dicen que en Lag Ba\u2019Omer, Rab\u00ed Akiva orden\u00f3 a sus cinco nuevos disc\u00edpulos, quienes fueron los continuadores de la tradici\u00f3n de la Tor\u00e1: Rab\u00ed Meir, Rab\u00ed Iehud\u00e1, Rab\u00ed Iosei, Rab\u00ed Shimon Bar Iojai y Rab\u00ed Eleazar ben Sham\u00faa (Kaf Ha Ja\u00edm 493:26 seg\u00fan el libro Shaar Hakavanot). Otra raz\u00f3n por la que nos alegramos en Lag Ba\u2019Omer, es que en ese d\u00eda, se recuerda el fallecimiento y por ende ascenso a su morada celestial de Rab\u00ed Shimon Bar Iojai, el disc\u00edpulo de Rab\u00ed Akiva.<\/p>\n<p>Resumamos pues concisamente las costumbres luctuosas y de alegr\u00eda que rigen en Lag Ba\u2019Omer: a) Seg\u00fan todas las tradiciones est\u00e1 permitido cantar, bailar y tocar instrumentos musicales desde el inicio hasta el final del d\u00eda. b) En lo concerniente a la celebraci\u00f3n de matrimonios y corte de cabello, la tradici\u00f3n ashkenazi y parte de las comunidades sefarad\u00edes, permiten contraer matrimonio y cortar el cabello en el d\u00eda de Lag Ba\u2019Omer y hay quienes extienden el permiso a la noche. Seg\u00fan la mayor\u00eda de las comunidades sefarad\u00edes est\u00e1 prohibido casarse y cortarse el cabello en Lag Ba\u2019Omer (ver arriba cap\u00edtulo 3 incisos 3-5). c) Cuando Lag Ba\u2019Omer cae en v\u00edspera de Shabat, tambi\u00e9n los sefarad\u00edes permiten cortarse el cabello en honor al Shabat (Shulj\u00e1n Aruj 493:2). d) Quienes siguen las tradiciones del Ar\u00ed z\u201dal, no se cortan el cabello en Lag Ba\u2019Omer, pues lo hacen reci\u00e9n en v\u00edspera de Shavuot (Kaf Ha Ja\u00edm 493:13).<\/p>\n","protected":false},"excerpt":{"rendered":"<p>Es tradici\u00f3n alegrarse en Lag Ba\u00b4Omer, y si bien en los d\u00edas del conteo se mantienen algunas costumbres de luto, en el d\u00eda treinta y tres no se recita Tajan\u00fan ni siquiera en el servicio de Minj\u00e1 de la v\u00edspera, no se ayuna y est\u00e1 permitido cantar y bailar. La raz\u00f3n de la alegr\u00eda del [&hellip;]<\/p>\n","protected":false},"author":1,"featured_media":0,"comment_status":"closed","ping_status":"closed","sticky":false,"template":"","format":"standard","meta":{"footnotes":""},"categories":[13],"tags":[],"class_list":["post-229","post","type-post","status-publish","format-standard","hentry","category-05-05"],"yoast_head":"<!-- This site is optimized with the Yoast SEO plugin v27.3 - https:\/\/yoast.com\/product\/yoast-seo-wordpress\/ -->\n<title>1 - Lag Ba\u2019Omer. - Pninei Halaj\u00e1<\/title>\n<meta name=\"robots\" content=\"index, follow, max-snippet:-1, max-image-preview:large, max-video-preview:-1\" \/>\n<link rel=\"canonical\" href=\"https:\/\/ph.yhb.org.il\/es\/05-05-01\/\" \/>\n<meta property=\"og:locale\" content=\"es_ES\" \/>\n<meta property=\"og:type\" content=\"article\" \/>\n<meta property=\"og:title\" content=\"1 - Lag Ba\u2019Omer. - Pninei Halaj\u00e1\" \/>\n<meta property=\"og:description\" content=\"Es tradici\u00f3n alegrarse en Lag Ba\u00b4Omer, y si bien en los d\u00edas del conteo se mantienen algunas costumbres de luto, en el d\u00eda treinta y tres no se recita Tajan\u00fan ni siquiera en el servicio de Minj\u00e1 de la v\u00edspera, no se ayuna y est\u00e1 permitido cantar y bailar. La raz\u00f3n de la alegr\u00eda del [&hellip;]\" \/>\n<meta property=\"og:url\" content=\"https:\/\/ph.yhb.org.il\/es\/05-05-01\/\" \/>\n<meta property=\"og:site_name\" content=\"Pninei Halaj\u00e1\" \/>\n<meta property=\"article:published_time\" content=\"2000-05-04T22:00:30+00:00\" \/>\n<meta property=\"article:modified_time\" content=\"2015-05-13T07:23:16+00:00\" \/>\n<meta name=\"author\" content=\"\u05de\u05e0\u05d4\u05dc \u05d4\u05d0\u05ea\u05e8\" \/>\n<meta name=\"twitter:card\" content=\"summary_large_image\" \/>\n<meta name=\"twitter:label1\" content=\"Escrito por\" \/>\n\t<meta name=\"twitter:data1\" content=\"\u05de\u05e0\u05d4\u05dc \u05d4\u05d0\u05ea\u05e8\" \/>\n\t<meta name=\"twitter:label2\" content=\"Tiempo de lectura\" \/>\n\t<meta name=\"twitter:data2\" content=\"2 minutos\" \/>\n<script type=\"application\/ld+json\" class=\"yoast-schema-graph\">{\"@context\":\"https:\\\/\\\/schema.org\",\"@graph\":[{\"@type\":\"Article\",\"@id\":\"https:\\\/\\\/ph.yhb.org.il\\\/es\\\/05-05-01\\\/#article\",\"isPartOf\":{\"@id\":\"https:\\\/\\\/ph.yhb.org.il\\\/es\\\/05-05-01\\\/\"},\"author\":{\"name\":\"\u05de\u05e0\u05d4\u05dc \u05d4\u05d0\u05ea\u05e8\",\"@id\":\"https:\\\/\\\/ph.yhb.org.il\\\/es\\\/#\\\/schema\\\/person\\\/716cb852d9b9d1fb36cf3b60a4415178\"},\"headline\":\"1 &#8211; Lag Ba\u2019Omer.\",\"datePublished\":\"2000-05-04T22:00:30+00:00\",\"dateModified\":\"2015-05-13T07:23:16+00:00\",\"mainEntityOfPage\":{\"@id\":\"https:\\\/\\\/ph.yhb.org.il\\\/es\\\/05-05-01\\\/\"},\"wordCount\":448,\"articleSection\":[\"05 - Lag Ba\u00b4Omer.\"],\"inLanguage\":\"es\"},{\"@type\":\"WebPage\",\"@id\":\"https:\\\/\\\/ph.yhb.org.il\\\/es\\\/05-05-01\\\/\",\"url\":\"https:\\\/\\\/ph.yhb.org.il\\\/es\\\/05-05-01\\\/\",\"name\":\"1 - Lag Ba\u2019Omer. - Pninei Halaj\u00e1\",\"isPartOf\":{\"@id\":\"https:\\\/\\\/ph.yhb.org.il\\\/es\\\/#website\"},\"datePublished\":\"2000-05-04T22:00:30+00:00\",\"dateModified\":\"2015-05-13T07:23:16+00:00\",\"author\":{\"@id\":\"https:\\\/\\\/ph.yhb.org.il\\\/es\\\/#\\\/schema\\\/person\\\/716cb852d9b9d1fb36cf3b60a4415178\"},\"breadcrumb\":{\"@id\":\"https:\\\/\\\/ph.yhb.org.il\\\/es\\\/05-05-01\\\/#breadcrumb\"},\"inLanguage\":\"es\",\"potentialAction\":[{\"@type\":\"ReadAction\",\"target\":[\"https:\\\/\\\/ph.yhb.org.il\\\/es\\\/05-05-01\\\/\"]}]},{\"@type\":\"BreadcrumbList\",\"@id\":\"https:\\\/\\\/ph.yhb.org.il\\\/es\\\/05-05-01\\\/#breadcrumb\",\"itemListElement\":[{\"@type\":\"ListItem\",\"position\":1,\"name\":\"Inicio\",\"item\":\"https:\\\/\\\/ph.yhb.org.il\\\/es\\\/\"},{\"@type\":\"ListItem\",\"position\":2,\"name\":\"1 &#8211; Lag Ba\u2019Omer.\"}]},{\"@type\":\"WebSite\",\"@id\":\"https:\\\/\\\/ph.yhb.org.il\\\/es\\\/#website\",\"url\":\"https:\\\/\\\/ph.yhb.org.il\\\/es\\\/\",\"name\":\"Pninei Halaj\u00e1\",\"description\":\"Rabino Eliezer Melamed\",\"potentialAction\":[{\"@type\":\"SearchAction\",\"target\":{\"@type\":\"EntryPoint\",\"urlTemplate\":\"https:\\\/\\\/ph.yhb.org.il\\\/es\\\/?s={search_term_string}\"},\"query-input\":{\"@type\":\"PropertyValueSpecification\",\"valueRequired\":true,\"valueName\":\"search_term_string\"}}],\"inLanguage\":\"es\"},{\"@type\":\"Person\",\"@id\":\"https:\\\/\\\/ph.yhb.org.il\\\/es\\\/#\\\/schema\\\/person\\\/716cb852d9b9d1fb36cf3b60a4415178\",\"name\":\"\u05de\u05e0\u05d4\u05dc \u05d4\u05d0\u05ea\u05e8\",\"image\":{\"@type\":\"ImageObject\",\"inLanguage\":\"es\",\"@id\":\"https:\\\/\\\/secure.gravatar.com\\\/avatar\\\/8ba17770ba8ce22dc07b91d8f4d0b098f24d0589815cb02522b506f7d0ee9d94?s=96&d=mm&r=g\",\"url\":\"https:\\\/\\\/secure.gravatar.com\\\/avatar\\\/8ba17770ba8ce22dc07b91d8f4d0b098f24d0589815cb02522b506f7d0ee9d94?s=96&d=mm&r=g\",\"contentUrl\":\"https:\\\/\\\/secure.gravatar.com\\\/avatar\\\/8ba17770ba8ce22dc07b91d8f4d0b098f24d0589815cb02522b506f7d0ee9d94?s=96&d=mm&r=g\",\"caption\":\"\u05de\u05e0\u05d4\u05dc \u05d4\u05d0\u05ea\u05e8\"},\"url\":\"https:\\\/\\\/ph.yhb.org.il\\\/es\\\/author\\\/thfvhacvcss\\\/\"}]}<\/script>\n<!-- \/ Yoast SEO plugin. -->","yoast_head_json":{"title":"1 - Lag Ba\u2019Omer. - Pninei Halaj\u00e1","robots":{"index":"index","follow":"follow","max-snippet":"max-snippet:-1","max-image-preview":"max-image-preview:large","max-video-preview":"max-video-preview:-1"},"canonical":"https:\/\/ph.yhb.org.il\/es\/05-05-01\/","og_locale":"es_ES","og_type":"article","og_title":"1 - Lag Ba\u2019Omer. - Pninei Halaj\u00e1","og_description":"Es tradici\u00f3n alegrarse en Lag Ba\u00b4Omer, y si bien en los d\u00edas del conteo se mantienen algunas costumbres de luto, en el d\u00eda treinta y tres no se recita Tajan\u00fan ni siquiera en el servicio de Minj\u00e1 de la v\u00edspera, no se ayuna y est\u00e1 permitido cantar y bailar. La raz\u00f3n de la alegr\u00eda del [&hellip;]","og_url":"https:\/\/ph.yhb.org.il\/es\/05-05-01\/","og_site_name":"Pninei Halaj\u00e1","article_published_time":"2000-05-04T22:00:30+00:00","article_modified_time":"2015-05-13T07:23:16+00:00","author":"\u05de\u05e0\u05d4\u05dc \u05d4\u05d0\u05ea\u05e8","twitter_card":"summary_large_image","twitter_misc":{"Escrito por":"\u05de\u05e0\u05d4\u05dc \u05d4\u05d0\u05ea\u05e8","Tiempo de lectura":"2 minutos"},"schema":{"@context":"https:\/\/schema.org","@graph":[{"@type":"Article","@id":"https:\/\/ph.yhb.org.il\/es\/05-05-01\/#article","isPartOf":{"@id":"https:\/\/ph.yhb.org.il\/es\/05-05-01\/"},"author":{"name":"\u05de\u05e0\u05d4\u05dc \u05d4\u05d0\u05ea\u05e8","@id":"https:\/\/ph.yhb.org.il\/es\/#\/schema\/person\/716cb852d9b9d1fb36cf3b60a4415178"},"headline":"1 &#8211; Lag Ba\u2019Omer.","datePublished":"2000-05-04T22:00:30+00:00","dateModified":"2015-05-13T07:23:16+00:00","mainEntityOfPage":{"@id":"https:\/\/ph.yhb.org.il\/es\/05-05-01\/"},"wordCount":448,"articleSection":["05 - Lag Ba\u00b4Omer."],"inLanguage":"es"},{"@type":"WebPage","@id":"https:\/\/ph.yhb.org.il\/es\/05-05-01\/","url":"https:\/\/ph.yhb.org.il\/es\/05-05-01\/","name":"1 - Lag Ba\u2019Omer. - Pninei Halaj\u00e1","isPartOf":{"@id":"https:\/\/ph.yhb.org.il\/es\/#website"},"datePublished":"2000-05-04T22:00:30+00:00","dateModified":"2015-05-13T07:23:16+00:00","author":{"@id":"https:\/\/ph.yhb.org.il\/es\/#\/schema\/person\/716cb852d9b9d1fb36cf3b60a4415178"},"breadcrumb":{"@id":"https:\/\/ph.yhb.org.il\/es\/05-05-01\/#breadcrumb"},"inLanguage":"es","potentialAction":[{"@type":"ReadAction","target":["https:\/\/ph.yhb.org.il\/es\/05-05-01\/"]}]},{"@type":"BreadcrumbList","@id":"https:\/\/ph.yhb.org.il\/es\/05-05-01\/#breadcrumb","itemListElement":[{"@type":"ListItem","position":1,"name":"Inicio","item":"https:\/\/ph.yhb.org.il\/es\/"},{"@type":"ListItem","position":2,"name":"1 &#8211; Lag Ba\u2019Omer."}]},{"@type":"WebSite","@id":"https:\/\/ph.yhb.org.il\/es\/#website","url":"https:\/\/ph.yhb.org.il\/es\/","name":"Pninei Halaj\u00e1","description":"Rabino Eliezer Melamed","potentialAction":[{"@type":"SearchAction","target":{"@type":"EntryPoint","urlTemplate":"https:\/\/ph.yhb.org.il\/es\/?s={search_term_string}"},"query-input":{"@type":"PropertyValueSpecification","valueRequired":true,"valueName":"search_term_string"}}],"inLanguage":"es"},{"@type":"Person","@id":"https:\/\/ph.yhb.org.il\/es\/#\/schema\/person\/716cb852d9b9d1fb36cf3b60a4415178","name":"\u05de\u05e0\u05d4\u05dc \u05d4\u05d0\u05ea\u05e8","image":{"@type":"ImageObject","inLanguage":"es","@id":"https:\/\/secure.gravatar.com\/avatar\/8ba17770ba8ce22dc07b91d8f4d0b098f24d0589815cb02522b506f7d0ee9d94?s=96&d=mm&r=g","url":"https:\/\/secure.gravatar.com\/avatar\/8ba17770ba8ce22dc07b91d8f4d0b098f24d0589815cb02522b506f7d0ee9d94?s=96&d=mm&r=g","contentUrl":"https:\/\/secure.gravatar.com\/avatar\/8ba17770ba8ce22dc07b91d8f4d0b098f24d0589815cb02522b506f7d0ee9d94?s=96&d=mm&r=g","caption":"\u05de\u05e0\u05d4\u05dc \u05d4\u05d0\u05ea\u05e8"},"url":"https:\/\/ph.yhb.org.il\/es\/author\/thfvhacvcss\/"}]}},"_links":{"self":[{"href":"https:\/\/ph.yhb.org.il\/es\/wp-json\/wp\/v2\/posts\/229","targetHints":{"allow":["GET"]}}],"collection":[{"href":"https:\/\/ph.yhb.org.il\/es\/wp-json\/wp\/v2\/posts"}],"about":[{"href":"https:\/\/ph.yhb.org.il\/es\/wp-json\/wp\/v2\/types\/post"}],"author":[{"embeddable":true,"href":"https:\/\/ph.yhb.org.il\/es\/wp-json\/wp\/v2\/users\/1"}],"replies":[{"embeddable":true,"href":"https:\/\/ph.yhb.org.il\/es\/wp-json\/wp\/v2\/comments?post=229"}],"version-history":[{"count":0,"href":"https:\/\/ph.yhb.org.il\/es\/wp-json\/wp\/v2\/posts\/229\/revisions"}],"wp:attachment":[{"href":"https:\/\/ph.yhb.org.il\/es\/wp-json\/wp\/v2\/media?parent=229"}],"wp:term":[{"taxonomy":"category","embeddable":true,"href":"https:\/\/ph.yhb.org.il\/es\/wp-json\/wp\/v2\/categories?post=229"},{"taxonomy":"post_tag","embeddable":true,"href":"https:\/\/ph.yhb.org.il\/es\/wp-json\/wp\/v2\/tags?post=229"}],"curies":[{"name":"wp","href":"https:\/\/api.w.org\/{rel}","templated":true}]}}