{"id":261,"date":"2000-05-07T05:00:44","date_gmt":"2000-05-07T02:00:44","guid":{"rendered":"https:\/\/ph.yhb.org.il\/es\/?p=261"},"modified":"2015-05-13T10:49:01","modified_gmt":"2015-05-13T07:49:01","slug":"05-07-05","status":"publish","type":"post","link":"https:\/\/ph.yhb.org.il\/es\/05-07-05\/","title":{"rendered":"5 &#8211; Lavado bucal."},"content":{"rendered":"<p>A priori no se ha de realizar lavado bucal en d\u00eda de ayuno menor, pues existe el temor de que durante el mismo la persona pueda tragar algo de agua. Empero quien tenga la certeza de que su boca exhala mal aliento, puede lavarla pues no tiene la intenci\u00f3n de beber sino de higienizarla. En ese caso, se deben extremar precauciones de no tragar gotas de agua por error. Asimismo, quien sufre por sentir sabor desagradable en su boca, puede lav\u00e1rsela con pasta dent\u00edfrica para as\u00ed eliminar el mal aliento.<\/p>\n<p>El nueve de Av es un ayuno m\u00e1s severo en el cual hasta lavarse o ba\u00f1arse est\u00e1n prohibidos y por lo tanto corresponde ser m\u00e1s estrictos. Es as\u00ed que en el caso de quien no le urge, no habr\u00e1 de lavarse la boca y solo quien sufre mucho a causa de esta restricci\u00f3n, puede hacerlo cepillando los dientes pero sin pasta dent\u00edfrica. En Yom haKipur\u00edm, la obligatoriedad del ayuno proviene de la Tor\u00e1 y por lo tanto no hay lugar a flexibilizaciones de ning\u00fan tipo.<\/p>\n","protected":false},"excerpt":{"rendered":"<p>A priori no se ha de realizar lavado bucal en d\u00eda de ayuno menor, pues existe el temor de que durante el mismo la persona pueda tragar algo de agua. Empero quien tenga la certeza de que su boca exhala mal aliento, puede lavarla pues no tiene la intenci\u00f3n de beber sino de higienizarla. En [&hellip;]<\/p>\n","protected":false},"author":1,"featured_media":0,"comment_status":"closed","ping_status":"closed","sticky":false,"template":"","format":"standard","meta":{"footnotes":""},"categories":[15],"tags":[],"class_list":["post-261","post","type-post","status-publish","format-standard","hentry","category-05-07"],"yoast_head":"<!-- This site is optimized with the Yoast SEO plugin v27.3 - https:\/\/yoast.com\/product\/yoast-seo-wordpress\/ -->\n<title>5 - Lavado bucal. - Pninei Halaj\u00e1<\/title>\n<meta name=\"robots\" content=\"index, follow, max-snippet:-1, max-image-preview:large, max-video-preview:-1\" \/>\n<link rel=\"canonical\" href=\"https:\/\/ph.yhb.org.il\/es\/05-07-05\/\" \/>\n<meta property=\"og:locale\" content=\"es_ES\" \/>\n<meta property=\"og:type\" content=\"article\" \/>\n<meta property=\"og:title\" content=\"5 - Lavado bucal. - Pninei Halaj\u00e1\" \/>\n<meta property=\"og:description\" content=\"A priori no se ha de realizar lavado bucal en d\u00eda de ayuno menor, pues existe el temor de que durante el mismo la persona pueda tragar algo de agua. Empero quien tenga la certeza de que su boca exhala mal aliento, puede lavarla pues no tiene la intenci\u00f3n de beber sino de higienizarla. En [&hellip;]\" \/>\n<meta property=\"og:url\" content=\"https:\/\/ph.yhb.org.il\/es\/05-07-05\/\" \/>\n<meta property=\"og:site_name\" content=\"Pninei Halaj\u00e1\" \/>\n<meta property=\"article:published_time\" content=\"2000-05-07T02:00:44+00:00\" \/>\n<meta property=\"article:modified_time\" content=\"2015-05-13T07:49:01+00:00\" \/>\n<meta name=\"author\" content=\"\u05de\u05e0\u05d4\u05dc \u05d4\u05d0\u05ea\u05e8\" \/>\n<meta name=\"twitter:card\" content=\"summary_large_image\" \/>\n<meta name=\"twitter:label1\" content=\"Escrito por\" \/>\n\t<meta name=\"twitter:data1\" content=\"\u05de\u05e0\u05d4\u05dc \u05d4\u05d0\u05ea\u05e8\" \/>\n\t<meta name=\"twitter:label2\" content=\"Tiempo de lectura\" \/>\n\t<meta name=\"twitter:data2\" content=\"1 minuto\" \/>\n<script type=\"application\/ld+json\" class=\"yoast-schema-graph\">{\"@context\":\"https:\\\/\\\/schema.org\",\"@graph\":[{\"@type\":\"Article\",\"@id\":\"https:\\\/\\\/ph.yhb.org.il\\\/es\\\/05-07-05\\\/#article\",\"isPartOf\":{\"@id\":\"https:\\\/\\\/ph.yhb.org.il\\\/es\\\/05-07-05\\\/\"},\"author\":{\"name\":\"\u05de\u05e0\u05d4\u05dc \u05d4\u05d0\u05ea\u05e8\",\"@id\":\"https:\\\/\\\/ph.yhb.org.il\\\/es\\\/#\\\/schema\\\/person\\\/716cb852d9b9d1fb36cf3b60a4415178\"},\"headline\":\"5 &#8211; Lavado bucal.\",\"datePublished\":\"2000-05-07T02:00:44+00:00\",\"dateModified\":\"2015-05-13T07:49:01+00:00\",\"mainEntityOfPage\":{\"@id\":\"https:\\\/\\\/ph.yhb.org.il\\\/es\\\/05-07-05\\\/\"},\"wordCount\":190,\"articleSection\":[\"07 - Leyes referentes a los ayunos menores.\"],\"inLanguage\":\"es\"},{\"@type\":\"WebPage\",\"@id\":\"https:\\\/\\\/ph.yhb.org.il\\\/es\\\/05-07-05\\\/\",\"url\":\"https:\\\/\\\/ph.yhb.org.il\\\/es\\\/05-07-05\\\/\",\"name\":\"5 - Lavado bucal. - Pninei Halaj\u00e1\",\"isPartOf\":{\"@id\":\"https:\\\/\\\/ph.yhb.org.il\\\/es\\\/#website\"},\"datePublished\":\"2000-05-07T02:00:44+00:00\",\"dateModified\":\"2015-05-13T07:49:01+00:00\",\"author\":{\"@id\":\"https:\\\/\\\/ph.yhb.org.il\\\/es\\\/#\\\/schema\\\/person\\\/716cb852d9b9d1fb36cf3b60a4415178\"},\"breadcrumb\":{\"@id\":\"https:\\\/\\\/ph.yhb.org.il\\\/es\\\/05-07-05\\\/#breadcrumb\"},\"inLanguage\":\"es\",\"potentialAction\":[{\"@type\":\"ReadAction\",\"target\":[\"https:\\\/\\\/ph.yhb.org.il\\\/es\\\/05-07-05\\\/\"]}]},{\"@type\":\"BreadcrumbList\",\"@id\":\"https:\\\/\\\/ph.yhb.org.il\\\/es\\\/05-07-05\\\/#breadcrumb\",\"itemListElement\":[{\"@type\":\"ListItem\",\"position\":1,\"name\":\"Inicio\",\"item\":\"https:\\\/\\\/ph.yhb.org.il\\\/es\\\/\"},{\"@type\":\"ListItem\",\"position\":2,\"name\":\"5 &#8211; Lavado bucal.\"}]},{\"@type\":\"WebSite\",\"@id\":\"https:\\\/\\\/ph.yhb.org.il\\\/es\\\/#website\",\"url\":\"https:\\\/\\\/ph.yhb.org.il\\\/es\\\/\",\"name\":\"Pninei Halaj\u00e1\",\"description\":\"Rabino Eliezer Melamed\",\"potentialAction\":[{\"@type\":\"SearchAction\",\"target\":{\"@type\":\"EntryPoint\",\"urlTemplate\":\"https:\\\/\\\/ph.yhb.org.il\\\/es\\\/?s={search_term_string}\"},\"query-input\":{\"@type\":\"PropertyValueSpecification\",\"valueRequired\":true,\"valueName\":\"search_term_string\"}}],\"inLanguage\":\"es\"},{\"@type\":\"Person\",\"@id\":\"https:\\\/\\\/ph.yhb.org.il\\\/es\\\/#\\\/schema\\\/person\\\/716cb852d9b9d1fb36cf3b60a4415178\",\"name\":\"\u05de\u05e0\u05d4\u05dc \u05d4\u05d0\u05ea\u05e8\",\"image\":{\"@type\":\"ImageObject\",\"inLanguage\":\"es\",\"@id\":\"https:\\\/\\\/secure.gravatar.com\\\/avatar\\\/8ba17770ba8ce22dc07b91d8f4d0b098f24d0589815cb02522b506f7d0ee9d94?s=96&d=mm&r=g\",\"url\":\"https:\\\/\\\/secure.gravatar.com\\\/avatar\\\/8ba17770ba8ce22dc07b91d8f4d0b098f24d0589815cb02522b506f7d0ee9d94?s=96&d=mm&r=g\",\"contentUrl\":\"https:\\\/\\\/secure.gravatar.com\\\/avatar\\\/8ba17770ba8ce22dc07b91d8f4d0b098f24d0589815cb02522b506f7d0ee9d94?s=96&d=mm&r=g\",\"caption\":\"\u05de\u05e0\u05d4\u05dc \u05d4\u05d0\u05ea\u05e8\"},\"url\":\"https:\\\/\\\/ph.yhb.org.il\\\/es\\\/author\\\/thfvhacvcss\\\/\"}]}<\/script>\n<!-- \/ Yoast SEO plugin. -->","yoast_head_json":{"title":"5 - Lavado bucal. - Pninei Halaj\u00e1","robots":{"index":"index","follow":"follow","max-snippet":"max-snippet:-1","max-image-preview":"max-image-preview:large","max-video-preview":"max-video-preview:-1"},"canonical":"https:\/\/ph.yhb.org.il\/es\/05-07-05\/","og_locale":"es_ES","og_type":"article","og_title":"5 - Lavado bucal. - Pninei Halaj\u00e1","og_description":"A priori no se ha de realizar lavado bucal en d\u00eda de ayuno menor, pues existe el temor de que durante el mismo la persona pueda tragar algo de agua. Empero quien tenga la certeza de que su boca exhala mal aliento, puede lavarla pues no tiene la intenci\u00f3n de beber sino de higienizarla. En [&hellip;]","og_url":"https:\/\/ph.yhb.org.il\/es\/05-07-05\/","og_site_name":"Pninei Halaj\u00e1","article_published_time":"2000-05-07T02:00:44+00:00","article_modified_time":"2015-05-13T07:49:01+00:00","author":"\u05de\u05e0\u05d4\u05dc \u05d4\u05d0\u05ea\u05e8","twitter_card":"summary_large_image","twitter_misc":{"Escrito por":"\u05de\u05e0\u05d4\u05dc \u05d4\u05d0\u05ea\u05e8","Tiempo de lectura":"1 minuto"},"schema":{"@context":"https:\/\/schema.org","@graph":[{"@type":"Article","@id":"https:\/\/ph.yhb.org.il\/es\/05-07-05\/#article","isPartOf":{"@id":"https:\/\/ph.yhb.org.il\/es\/05-07-05\/"},"author":{"name":"\u05de\u05e0\u05d4\u05dc \u05d4\u05d0\u05ea\u05e8","@id":"https:\/\/ph.yhb.org.il\/es\/#\/schema\/person\/716cb852d9b9d1fb36cf3b60a4415178"},"headline":"5 &#8211; Lavado bucal.","datePublished":"2000-05-07T02:00:44+00:00","dateModified":"2015-05-13T07:49:01+00:00","mainEntityOfPage":{"@id":"https:\/\/ph.yhb.org.il\/es\/05-07-05\/"},"wordCount":190,"articleSection":["07 - Leyes referentes a los ayunos menores."],"inLanguage":"es"},{"@type":"WebPage","@id":"https:\/\/ph.yhb.org.il\/es\/05-07-05\/","url":"https:\/\/ph.yhb.org.il\/es\/05-07-05\/","name":"5 - Lavado bucal. - Pninei Halaj\u00e1","isPartOf":{"@id":"https:\/\/ph.yhb.org.il\/es\/#website"},"datePublished":"2000-05-07T02:00:44+00:00","dateModified":"2015-05-13T07:49:01+00:00","author":{"@id":"https:\/\/ph.yhb.org.il\/es\/#\/schema\/person\/716cb852d9b9d1fb36cf3b60a4415178"},"breadcrumb":{"@id":"https:\/\/ph.yhb.org.il\/es\/05-07-05\/#breadcrumb"},"inLanguage":"es","potentialAction":[{"@type":"ReadAction","target":["https:\/\/ph.yhb.org.il\/es\/05-07-05\/"]}]},{"@type":"BreadcrumbList","@id":"https:\/\/ph.yhb.org.il\/es\/05-07-05\/#breadcrumb","itemListElement":[{"@type":"ListItem","position":1,"name":"Inicio","item":"https:\/\/ph.yhb.org.il\/es\/"},{"@type":"ListItem","position":2,"name":"5 &#8211; Lavado bucal."}]},{"@type":"WebSite","@id":"https:\/\/ph.yhb.org.il\/es\/#website","url":"https:\/\/ph.yhb.org.il\/es\/","name":"Pninei Halaj\u00e1","description":"Rabino Eliezer Melamed","potentialAction":[{"@type":"SearchAction","target":{"@type":"EntryPoint","urlTemplate":"https:\/\/ph.yhb.org.il\/es\/?s={search_term_string}"},"query-input":{"@type":"PropertyValueSpecification","valueRequired":true,"valueName":"search_term_string"}}],"inLanguage":"es"},{"@type":"Person","@id":"https:\/\/ph.yhb.org.il\/es\/#\/schema\/person\/716cb852d9b9d1fb36cf3b60a4415178","name":"\u05de\u05e0\u05d4\u05dc \u05d4\u05d0\u05ea\u05e8","image":{"@type":"ImageObject","inLanguage":"es","@id":"https:\/\/secure.gravatar.com\/avatar\/8ba17770ba8ce22dc07b91d8f4d0b098f24d0589815cb02522b506f7d0ee9d94?s=96&d=mm&r=g","url":"https:\/\/secure.gravatar.com\/avatar\/8ba17770ba8ce22dc07b91d8f4d0b098f24d0589815cb02522b506f7d0ee9d94?s=96&d=mm&r=g","contentUrl":"https:\/\/secure.gravatar.com\/avatar\/8ba17770ba8ce22dc07b91d8f4d0b098f24d0589815cb02522b506f7d0ee9d94?s=96&d=mm&r=g","caption":"\u05de\u05e0\u05d4\u05dc \u05d4\u05d0\u05ea\u05e8"},"url":"https:\/\/ph.yhb.org.il\/es\/author\/thfvhacvcss\/"}]}},"_links":{"self":[{"href":"https:\/\/ph.yhb.org.il\/es\/wp-json\/wp\/v2\/posts\/261","targetHints":{"allow":["GET"]}}],"collection":[{"href":"https:\/\/ph.yhb.org.il\/es\/wp-json\/wp\/v2\/posts"}],"about":[{"href":"https:\/\/ph.yhb.org.il\/es\/wp-json\/wp\/v2\/types\/post"}],"author":[{"embeddable":true,"href":"https:\/\/ph.yhb.org.il\/es\/wp-json\/wp\/v2\/users\/1"}],"replies":[{"embeddable":true,"href":"https:\/\/ph.yhb.org.il\/es\/wp-json\/wp\/v2\/comments?post=261"}],"version-history":[{"count":0,"href":"https:\/\/ph.yhb.org.il\/es\/wp-json\/wp\/v2\/posts\/261\/revisions"}],"wp:attachment":[{"href":"https:\/\/ph.yhb.org.il\/es\/wp-json\/wp\/v2\/media?parent=261"}],"wp:term":[{"taxonomy":"category","embeddable":true,"href":"https:\/\/ph.yhb.org.il\/es\/wp-json\/wp\/v2\/categories?post=261"},{"taxonomy":"post_tag","embeddable":true,"href":"https:\/\/ph.yhb.org.il\/es\/wp-json\/wp\/v2\/tags?post=261"}],"curies":[{"name":"wp","href":"https:\/\/api.w.org\/{rel}","templated":true}]}}