{"id":3228,"date":"2014-04-05T00:12:13","date_gmt":"2014-04-04T21:12:13","guid":{"rendered":"https:\/\/ph.yhb.org.il\/es\/?p=3228"},"modified":"2019-01-10T12:05:43","modified_gmt":"2019-01-10T10:05:43","slug":"14-05-12","status":"publish","type":"post","link":"https:\/\/ph.yhb.org.il\/es\/14-05-12\/","title":{"rendered":"12. El precepto de los j\u00f3venes, los padres y la sociedad"},"content":{"rendered":"<p>El precepto de contraer matrimonio enfrenta actualmente a los j\u00f3venes, los\u00a0 padres y la sociedad en general ante un gran desaf\u00edo. En cuesti\u00f3n de pocos a\u00f1os los j\u00f3venes deben afianzar su mundo espiritual, adquirir una profesi\u00f3n acorde a sus habilidades, formar una familia, y en el caso de los varones, pende tambi\u00e9n el deber de servir en el ej\u00e9rcito y estudiar Tor\u00e1 abundantemente.<\/p>\n<p>El deber en primer t\u00e9rmino recae sobre los j\u00f3venes, los cuales deben planificar cuidadosamente los pasos a seguir a los efectos de no desaprovechar estos valiosos a\u00f1os; ya que si bien establecimos que actualmente, en virtud de una gran necesidad podemos postergar la edad del matrimonio hasta los veinticuatro a\u00f1os, quien desaprovecha el tiempo deja sin efecto el precepto de la Tor\u00e1. Por lo tanto, todo joven tanto var\u00f3n como mujer debe procurarse un camino que le permita articular todos estos valores conjuntamente, esto es, casarse joven, adquirir una profesi\u00f3n adecuada a sus habilidades que le permita obtener su sustento y contribuir a poblar el mundo.<\/p>\n<p>El segundo deber recae sobre los padres, tal como establecieron nuestros sabios (Tratado de <em>Kidush\u00edn<\/em> 29(A), 30(B)) en cuanto a que es deber de los padres casar a sus hijos, tal como est\u00e1 escrito (Irmiahu-Jerem\u00edas 29:6): \u00abTomad mujeres y engendrad hijos e hijas y tomad mujeres para vuestros hijos y dad vuestras hijas a maridos para que cr\u00eden hijos e hijas\u00bb. Esto significa que el cumplimiento del precepto de procrear no finaliza con dar a luz ni\u00f1os sino que contin\u00faa posteriormente cuando los chicos crecen, entonces los padres deben incentivarlos a contraer matrimonio y ayudarles tanto con consejos como materialmente, siendo de ese modo part\u00edcipes en la perpetuaci\u00f3n de las generaciones. Nuestros sabios ordenaron dedicar un d\u00e9cimo del patrimonio a los efectos de casar a cada uno de los hijos. Consideramos que actualmente una parte significativa de la ayuda de los padres debe apuntar a facilitar a sus hijos el enfrentamiento con el m\u00faltiple desaf\u00edo de combinar matrimonio con formaci\u00f3n profesional, y a veces hasta el cuidado de beb\u00e9s.<\/p>\n<p>Tambi\u00e9n la sociedad en su totalidad debe crear las mejores condiciones posibles que permitan a los j\u00f3venes cumplir con el precepto de contraer matrimonio a tiempo. Para ello es necesario tornar los estudios profesionales lo m\u00e1s eficientes posible, ayudar a los j\u00f3venes con soluciones habitacionales a precios razonables, y adelantar lo m\u00e1s que se pueda la formaci\u00f3n profesional de las mujeres para que en los primeros a\u00f1os de casadas puedan contribuir mejor a la manutenci\u00f3n de la familia.<\/p>\n","protected":false},"excerpt":{"rendered":"<p>El precepto de contraer matrimonio enfrenta actualmente a los j\u00f3venes, los\u00a0 padres y la sociedad en general ante un gran desaf\u00edo. En cuesti\u00f3n de pocos a\u00f1os los j\u00f3venes deben afianzar su mundo espiritual, adquirir una profesi\u00f3n acorde a sus habilidades, formar una familia, y en el caso de los varones, pende tambi\u00e9n el deber de [&hellip;]<\/p>\n","protected":false},"author":10,"featured_media":0,"comment_status":"open","ping_status":"open","sticky":false,"template":"","format":"standard","meta":{"footnotes":""},"categories":[126],"tags":[],"class_list":["post-3228","post","type-post","status-publish","format-standard","hentry","category-14-05"],"yoast_head":"<!-- This site is optimized with the Yoast SEO plugin v27.3 - https:\/\/yoast.com\/product\/yoast-seo-wordpress\/ -->\n<title>12. El precepto de los j\u00f3venes, los padres y la sociedad - Pninei Halaj\u00e1<\/title>\n<meta name=\"robots\" content=\"index, follow, max-snippet:-1, max-image-preview:large, max-video-preview:-1\" \/>\n<link rel=\"canonical\" href=\"https:\/\/ph.yhb.org.il\/es\/14-05-12\/\" \/>\n<meta property=\"og:locale\" content=\"es_ES\" \/>\n<meta property=\"og:type\" content=\"article\" \/>\n<meta property=\"og:title\" content=\"12. El precepto de los j\u00f3venes, los padres y la sociedad - Pninei Halaj\u00e1\" \/>\n<meta property=\"og:description\" content=\"El precepto de contraer matrimonio enfrenta actualmente a los j\u00f3venes, los\u00a0 padres y la sociedad en general ante un gran desaf\u00edo. En cuesti\u00f3n de pocos a\u00f1os los j\u00f3venes deben afianzar su mundo espiritual, adquirir una profesi\u00f3n acorde a sus habilidades, formar una familia, y en el caso de los varones, pende tambi\u00e9n el deber de [&hellip;]\" \/>\n<meta property=\"og:url\" content=\"https:\/\/ph.yhb.org.il\/es\/14-05-12\/\" \/>\n<meta property=\"og:site_name\" content=\"Pninei Halaj\u00e1\" \/>\n<meta property=\"article:published_time\" content=\"2014-04-04T21:12:13+00:00\" \/>\n<meta property=\"article:modified_time\" content=\"2019-01-10T10:05:43+00:00\" \/>\n<meta name=\"author\" content=\"\u05e6\u05d5\u05d5\u05ea \u05d4\u05d0\u05ea\u05e8\" \/>\n<meta name=\"twitter:card\" content=\"summary_large_image\" \/>\n<meta name=\"twitter:label1\" content=\"Escrito por\" \/>\n\t<meta name=\"twitter:data1\" content=\"\u05e6\u05d5\u05d5\u05ea \u05d4\u05d0\u05ea\u05e8\" \/>\n\t<meta name=\"twitter:label2\" content=\"Tiempo de lectura\" \/>\n\t<meta name=\"twitter:data2\" content=\"2 minutos\" \/>\n<script type=\"application\/ld+json\" class=\"yoast-schema-graph\">{\"@context\":\"https:\\\/\\\/schema.org\",\"@graph\":[{\"@type\":\"Article\",\"@id\":\"https:\\\/\\\/ph.yhb.org.il\\\/es\\\/14-05-12\\\/#article\",\"isPartOf\":{\"@id\":\"https:\\\/\\\/ph.yhb.org.il\\\/es\\\/14-05-12\\\/\"},\"author\":{\"name\":\"\u05e6\u05d5\u05d5\u05ea \u05d4\u05d0\u05ea\u05e8\",\"@id\":\"https:\\\/\\\/ph.yhb.org.il\\\/es\\\/#\\\/schema\\\/person\\\/8822293bfa4f7cd35b44a3c311851b63\"},\"headline\":\"12. El precepto de los j\u00f3venes, los padres y la sociedad\",\"datePublished\":\"2014-04-04T21:12:13+00:00\",\"dateModified\":\"2019-01-10T10:05:43+00:00\",\"mainEntityOfPage\":{\"@id\":\"https:\\\/\\\/ph.yhb.org.il\\\/es\\\/14-05-12\\\/\"},\"wordCount\":460,\"commentCount\":0,\"articleSection\":[\"05. \\\"Creced y multiplicaos\\\" (\\\"Pr\u00fa Urb\u00fa\\\")\"],\"inLanguage\":\"es\",\"potentialAction\":[{\"@type\":\"CommentAction\",\"name\":\"Comment\",\"target\":[\"https:\\\/\\\/ph.yhb.org.il\\\/es\\\/14-05-12\\\/#respond\"]}]},{\"@type\":\"WebPage\",\"@id\":\"https:\\\/\\\/ph.yhb.org.il\\\/es\\\/14-05-12\\\/\",\"url\":\"https:\\\/\\\/ph.yhb.org.il\\\/es\\\/14-05-12\\\/\",\"name\":\"12. El precepto de los j\u00f3venes, los padres y la sociedad - Pninei Halaj\u00e1\",\"isPartOf\":{\"@id\":\"https:\\\/\\\/ph.yhb.org.il\\\/es\\\/#website\"},\"datePublished\":\"2014-04-04T21:12:13+00:00\",\"dateModified\":\"2019-01-10T10:05:43+00:00\",\"author\":{\"@id\":\"https:\\\/\\\/ph.yhb.org.il\\\/es\\\/#\\\/schema\\\/person\\\/8822293bfa4f7cd35b44a3c311851b63\"},\"breadcrumb\":{\"@id\":\"https:\\\/\\\/ph.yhb.org.il\\\/es\\\/14-05-12\\\/#breadcrumb\"},\"inLanguage\":\"es\",\"potentialAction\":[{\"@type\":\"ReadAction\",\"target\":[\"https:\\\/\\\/ph.yhb.org.il\\\/es\\\/14-05-12\\\/\"]}]},{\"@type\":\"BreadcrumbList\",\"@id\":\"https:\\\/\\\/ph.yhb.org.il\\\/es\\\/14-05-12\\\/#breadcrumb\",\"itemListElement\":[{\"@type\":\"ListItem\",\"position\":1,\"name\":\"Inicio\",\"item\":\"https:\\\/\\\/ph.yhb.org.il\\\/es\\\/\"},{\"@type\":\"ListItem\",\"position\":2,\"name\":\"12. El precepto de los j\u00f3venes, los padres y la sociedad\"}]},{\"@type\":\"WebSite\",\"@id\":\"https:\\\/\\\/ph.yhb.org.il\\\/es\\\/#website\",\"url\":\"https:\\\/\\\/ph.yhb.org.il\\\/es\\\/\",\"name\":\"Pninei Halaj\u00e1\",\"description\":\"Rabino Eliezer Melamed\",\"potentialAction\":[{\"@type\":\"SearchAction\",\"target\":{\"@type\":\"EntryPoint\",\"urlTemplate\":\"https:\\\/\\\/ph.yhb.org.il\\\/es\\\/?s={search_term_string}\"},\"query-input\":{\"@type\":\"PropertyValueSpecification\",\"valueRequired\":true,\"valueName\":\"search_term_string\"}}],\"inLanguage\":\"es\"},{\"@type\":\"Person\",\"@id\":\"https:\\\/\\\/ph.yhb.org.il\\\/es\\\/#\\\/schema\\\/person\\\/8822293bfa4f7cd35b44a3c311851b63\",\"name\":\"\u05e6\u05d5\u05d5\u05ea \u05d4\u05d0\u05ea\u05e8\",\"image\":{\"@type\":\"ImageObject\",\"inLanguage\":\"es\",\"@id\":\"https:\\\/\\\/secure.gravatar.com\\\/avatar\\\/4839847e1f630d0e0f5d54879b51b427c551b51611b74d6558e54ff6e69ce498?s=96&d=mm&r=g\",\"url\":\"https:\\\/\\\/secure.gravatar.com\\\/avatar\\\/4839847e1f630d0e0f5d54879b51b427c551b51611b74d6558e54ff6e69ce498?s=96&d=mm&r=g\",\"contentUrl\":\"https:\\\/\\\/secure.gravatar.com\\\/avatar\\\/4839847e1f630d0e0f5d54879b51b427c551b51611b74d6558e54ff6e69ce498?s=96&d=mm&r=g\",\"caption\":\"\u05e6\u05d5\u05d5\u05ea \u05d4\u05d0\u05ea\u05e8\"},\"url\":\"https:\\\/\\\/ph.yhb.org.il\\\/es\\\/author\\\/shlomit12\\\/\"}]}<\/script>\n<!-- \/ Yoast SEO plugin. -->","yoast_head_json":{"title":"12. El precepto de los j\u00f3venes, los padres y la sociedad - Pninei Halaj\u00e1","robots":{"index":"index","follow":"follow","max-snippet":"max-snippet:-1","max-image-preview":"max-image-preview:large","max-video-preview":"max-video-preview:-1"},"canonical":"https:\/\/ph.yhb.org.il\/es\/14-05-12\/","og_locale":"es_ES","og_type":"article","og_title":"12. El precepto de los j\u00f3venes, los padres y la sociedad - Pninei Halaj\u00e1","og_description":"El precepto de contraer matrimonio enfrenta actualmente a los j\u00f3venes, los\u00a0 padres y la sociedad en general ante un gran desaf\u00edo. En cuesti\u00f3n de pocos a\u00f1os los j\u00f3venes deben afianzar su mundo espiritual, adquirir una profesi\u00f3n acorde a sus habilidades, formar una familia, y en el caso de los varones, pende tambi\u00e9n el deber de [&hellip;]","og_url":"https:\/\/ph.yhb.org.il\/es\/14-05-12\/","og_site_name":"Pninei Halaj\u00e1","article_published_time":"2014-04-04T21:12:13+00:00","article_modified_time":"2019-01-10T10:05:43+00:00","author":"\u05e6\u05d5\u05d5\u05ea \u05d4\u05d0\u05ea\u05e8","twitter_card":"summary_large_image","twitter_misc":{"Escrito por":"\u05e6\u05d5\u05d5\u05ea \u05d4\u05d0\u05ea\u05e8","Tiempo de lectura":"2 minutos"},"schema":{"@context":"https:\/\/schema.org","@graph":[{"@type":"Article","@id":"https:\/\/ph.yhb.org.il\/es\/14-05-12\/#article","isPartOf":{"@id":"https:\/\/ph.yhb.org.il\/es\/14-05-12\/"},"author":{"name":"\u05e6\u05d5\u05d5\u05ea \u05d4\u05d0\u05ea\u05e8","@id":"https:\/\/ph.yhb.org.il\/es\/#\/schema\/person\/8822293bfa4f7cd35b44a3c311851b63"},"headline":"12. El precepto de los j\u00f3venes, los padres y la sociedad","datePublished":"2014-04-04T21:12:13+00:00","dateModified":"2019-01-10T10:05:43+00:00","mainEntityOfPage":{"@id":"https:\/\/ph.yhb.org.il\/es\/14-05-12\/"},"wordCount":460,"commentCount":0,"articleSection":["05. \"Creced y multiplicaos\" (\"Pr\u00fa Urb\u00fa\")"],"inLanguage":"es","potentialAction":[{"@type":"CommentAction","name":"Comment","target":["https:\/\/ph.yhb.org.il\/es\/14-05-12\/#respond"]}]},{"@type":"WebPage","@id":"https:\/\/ph.yhb.org.il\/es\/14-05-12\/","url":"https:\/\/ph.yhb.org.il\/es\/14-05-12\/","name":"12. El precepto de los j\u00f3venes, los padres y la sociedad - Pninei Halaj\u00e1","isPartOf":{"@id":"https:\/\/ph.yhb.org.il\/es\/#website"},"datePublished":"2014-04-04T21:12:13+00:00","dateModified":"2019-01-10T10:05:43+00:00","author":{"@id":"https:\/\/ph.yhb.org.il\/es\/#\/schema\/person\/8822293bfa4f7cd35b44a3c311851b63"},"breadcrumb":{"@id":"https:\/\/ph.yhb.org.il\/es\/14-05-12\/#breadcrumb"},"inLanguage":"es","potentialAction":[{"@type":"ReadAction","target":["https:\/\/ph.yhb.org.il\/es\/14-05-12\/"]}]},{"@type":"BreadcrumbList","@id":"https:\/\/ph.yhb.org.il\/es\/14-05-12\/#breadcrumb","itemListElement":[{"@type":"ListItem","position":1,"name":"Inicio","item":"https:\/\/ph.yhb.org.il\/es\/"},{"@type":"ListItem","position":2,"name":"12. El precepto de los j\u00f3venes, los padres y la sociedad"}]},{"@type":"WebSite","@id":"https:\/\/ph.yhb.org.il\/es\/#website","url":"https:\/\/ph.yhb.org.il\/es\/","name":"Pninei Halaj\u00e1","description":"Rabino Eliezer Melamed","potentialAction":[{"@type":"SearchAction","target":{"@type":"EntryPoint","urlTemplate":"https:\/\/ph.yhb.org.il\/es\/?s={search_term_string}"},"query-input":{"@type":"PropertyValueSpecification","valueRequired":true,"valueName":"search_term_string"}}],"inLanguage":"es"},{"@type":"Person","@id":"https:\/\/ph.yhb.org.il\/es\/#\/schema\/person\/8822293bfa4f7cd35b44a3c311851b63","name":"\u05e6\u05d5\u05d5\u05ea \u05d4\u05d0\u05ea\u05e8","image":{"@type":"ImageObject","inLanguage":"es","@id":"https:\/\/secure.gravatar.com\/avatar\/4839847e1f630d0e0f5d54879b51b427c551b51611b74d6558e54ff6e69ce498?s=96&d=mm&r=g","url":"https:\/\/secure.gravatar.com\/avatar\/4839847e1f630d0e0f5d54879b51b427c551b51611b74d6558e54ff6e69ce498?s=96&d=mm&r=g","contentUrl":"https:\/\/secure.gravatar.com\/avatar\/4839847e1f630d0e0f5d54879b51b427c551b51611b74d6558e54ff6e69ce498?s=96&d=mm&r=g","caption":"\u05e6\u05d5\u05d5\u05ea \u05d4\u05d0\u05ea\u05e8"},"url":"https:\/\/ph.yhb.org.il\/es\/author\/shlomit12\/"}]}},"_links":{"self":[{"href":"https:\/\/ph.yhb.org.il\/es\/wp-json\/wp\/v2\/posts\/3228","targetHints":{"allow":["GET"]}}],"collection":[{"href":"https:\/\/ph.yhb.org.il\/es\/wp-json\/wp\/v2\/posts"}],"about":[{"href":"https:\/\/ph.yhb.org.il\/es\/wp-json\/wp\/v2\/types\/post"}],"author":[{"embeddable":true,"href":"https:\/\/ph.yhb.org.il\/es\/wp-json\/wp\/v2\/users\/10"}],"replies":[{"embeddable":true,"href":"https:\/\/ph.yhb.org.il\/es\/wp-json\/wp\/v2\/comments?post=3228"}],"version-history":[{"count":0,"href":"https:\/\/ph.yhb.org.il\/es\/wp-json\/wp\/v2\/posts\/3228\/revisions"}],"wp:attachment":[{"href":"https:\/\/ph.yhb.org.il\/es\/wp-json\/wp\/v2\/media?parent=3228"}],"wp:term":[{"taxonomy":"category","embeddable":true,"href":"https:\/\/ph.yhb.org.il\/es\/wp-json\/wp\/v2\/categories?post=3228"},{"taxonomy":"post_tag","embeddable":true,"href":"https:\/\/ph.yhb.org.il\/es\/wp-json\/wp\/v2\/tags?post=3228"}],"curies":[{"name":"wp","href":"https:\/\/api.w.org\/{rel}","templated":true}]}}