{"id":3843,"date":"2000-04-16T00:37:32","date_gmt":"2000-04-15T21:37:32","guid":{"rendered":"https:\/\/ph.yhb.org.il\/es\/?p=3843"},"modified":"2019-02-11T11:54:59","modified_gmt":"2019-02-11T09:54:59","slug":"04-16-37","status":"publish","type":"post","link":"https:\/\/ph.yhb.org.il\/es\/04-16-37\/","title":{"rendered":"37. \u00bfEst\u00e1 permitido beber caf\u00e9 o jugo tras finalizar el Seder?"},"content":{"rendered":"<p>Ya aprendimos que nuestros sabios establecieron que al finalizar la cena se ingiera el afikom\u00e1n como recordatorio del sacrificio de Pesaj que era comido cuando los comensales ya estaban satisfechos, y as\u00ed como tras la ingesti\u00f3n del cordero de Pesaj estaba prohibido comer cualquier otra cosa para que perdure el sabor de la ofrenda en la boca, de igual manera nuestros sabios prohibieron comer despu\u00e9s del afikom\u00e1n.<\/p>\n<p>Asimismo, prohibieron tambi\u00e9n beber vino, lo cual tiene su origen en varias razones: si todav\u00eda no se concluy\u00f3 la lectura de la Hagad\u00e1, se teme que la persona pueda embriagarse por causa del vino y no pueda concluir el recitado del Halel como corresponde. Adem\u00e1s, si bebe otra copa de vino puede parecer como si la persona agrega una copa m\u00e1s a las cuatro estipuladas por lo sabios.<\/p>\n<p>Tampoco se puede beber vino tras la finalizaci\u00f3n del Seder pues es preceptivo ocuparse de las leyes de Pesaj y de la salida de Egipto hasta que nos venza el sue\u00f1o y si se bebe vino u otra bebida alcoh\u00f3lica esto no ser\u00e1 posible (Rabenu Ion\u00e1, Rosh). Adem\u00e1s, si se toma m\u00e1s copas, aunque haya terminado el Seder se teme a\u00fan pueda parecer que la persona que lo hace agrega m\u00e1s copas de las estipuladas o que comienza una nueva ronda de bebida (Ramb\u00e1n, Ran).<\/p>\n<p>Seg\u00fan la opini\u00f3n de algunos juristas, tras comer el afikom\u00e1n est\u00e1 prohibido tambi\u00e9n beber caf\u00e9 o jugo, pues estos menguan de la boca el sabor a matz\u00e1, y as\u00ed como se proh\u00edbe comer tras la ingesta del afikom\u00e1n &#8211; de igual manera se proh\u00edbe beber cualquier bebida que posea sabor. Si bien tras comer el afikom\u00e1n se beben otras dos copas de vino, por ser parte del precepto no se considera que quiten el sabor de la mitzv\u00e1. Seg\u00fan esta opini\u00f3n, tras la conclusi\u00f3n del Seder se permite \u00fanicamente beber agua.<\/p>\n<p>Por otra parte, varios juristas consideran que tras la finalizaci\u00f3n del Seder se puede beber caf\u00e9 o jugo, pues se entiende que \u00fanicamente los alimentos s\u00f3lidos quitan el sabor de la matz\u00e1 del afikom\u00e1n del paladar, mas no los l\u00edquidos.<\/p>\n<p>En la pr\u00e1ctica, quien desee beber caf\u00e9 o jugo tras la finalizaci\u00f3n del Seder puede hacerlo, pues la opini\u00f3n mayoritaria de los juristas lo permite. Empero, a priori es bueno ser m\u00e1s estricto y limitarse a no beber l\u00edquido alguno salvo agua. En el caso de quien quiera beber caf\u00e9 para poder seguir estudiando y relatando las leyes de Pesaj y la salida de Egipto, a priori que lo haga.<\/p>\n","protected":false},"excerpt":{"rendered":"<p>Ya aprendimos que nuestros sabios establecieron que al finalizar la cena se ingiera el afikom\u00e1n como recordatorio del sacrificio de Pesaj que era comido cuando los comensales ya estaban satisfechos, y as\u00ed como tras la ingesti\u00f3n del cordero de Pesaj estaba prohibido comer cualquier otra cosa para que perdure el sabor de la ofrenda en [&hellip;]<\/p>\n","protected":false},"author":10,"featured_media":0,"comment_status":"open","ping_status":"open","sticky":false,"template":"","format":"standard","meta":{"footnotes":""},"categories":[150],"tags":[],"class_list":["post-3843","post","type-post","status-publish","format-standard","hentry","category-04-16"],"yoast_head":"<!-- This site is optimized with the Yoast SEO plugin v27.3 - https:\/\/yoast.com\/product\/yoast-seo-wordpress\/ -->\n<title>37. \u00bfEst\u00e1 permitido beber caf\u00e9 o jugo tras finalizar el Seder? - Pninei Halaj\u00e1<\/title>\n<meta name=\"robots\" content=\"index, follow, max-snippet:-1, max-image-preview:large, max-video-preview:-1\" \/>\n<link rel=\"canonical\" href=\"https:\/\/ph.yhb.org.il\/es\/04-16-37\/\" \/>\n<meta property=\"og:locale\" content=\"es_ES\" \/>\n<meta property=\"og:type\" content=\"article\" \/>\n<meta property=\"og:title\" content=\"37. \u00bfEst\u00e1 permitido beber caf\u00e9 o jugo tras finalizar el Seder? - Pninei Halaj\u00e1\" \/>\n<meta property=\"og:description\" content=\"Ya aprendimos que nuestros sabios establecieron que al finalizar la cena se ingiera el afikom\u00e1n como recordatorio del sacrificio de Pesaj que era comido cuando los comensales ya estaban satisfechos, y as\u00ed como tras la ingesti\u00f3n del cordero de Pesaj estaba prohibido comer cualquier otra cosa para que perdure el sabor de la ofrenda en [&hellip;]\" \/>\n<meta property=\"og:url\" content=\"https:\/\/ph.yhb.org.il\/es\/04-16-37\/\" \/>\n<meta property=\"og:site_name\" content=\"Pninei Halaj\u00e1\" \/>\n<meta property=\"article:published_time\" content=\"2000-04-15T21:37:32+00:00\" \/>\n<meta property=\"article:modified_time\" content=\"2019-02-11T09:54:59+00:00\" \/>\n<meta name=\"author\" content=\"\u05e6\u05d5\u05d5\u05ea \u05d4\u05d0\u05ea\u05e8\" \/>\n<meta name=\"twitter:card\" content=\"summary_large_image\" \/>\n<meta name=\"twitter:label1\" content=\"Escrito por\" \/>\n\t<meta name=\"twitter:data1\" content=\"\u05e6\u05d5\u05d5\u05ea \u05d4\u05d0\u05ea\u05e8\" \/>\n\t<meta name=\"twitter:label2\" content=\"Tiempo de lectura\" \/>\n\t<meta name=\"twitter:data2\" content=\"2 minutos\" \/>\n<script type=\"application\/ld+json\" class=\"yoast-schema-graph\">{\"@context\":\"https:\\\/\\\/schema.org\",\"@graph\":[{\"@type\":\"Article\",\"@id\":\"https:\\\/\\\/ph.yhb.org.il\\\/es\\\/04-16-37\\\/#article\",\"isPartOf\":{\"@id\":\"https:\\\/\\\/ph.yhb.org.il\\\/es\\\/04-16-37\\\/\"},\"author\":{\"name\":\"\u05e6\u05d5\u05d5\u05ea \u05d4\u05d0\u05ea\u05e8\",\"@id\":\"https:\\\/\\\/ph.yhb.org.il\\\/es\\\/#\\\/schema\\\/person\\\/8822293bfa4f7cd35b44a3c311851b63\"},\"headline\":\"37. \u00bfEst\u00e1 permitido beber caf\u00e9 o jugo tras finalizar el Seder?\",\"datePublished\":\"2000-04-15T21:37:32+00:00\",\"dateModified\":\"2019-02-11T09:54:59+00:00\",\"mainEntityOfPage\":{\"@id\":\"https:\\\/\\\/ph.yhb.org.il\\\/es\\\/04-16-37\\\/\"},\"wordCount\":467,\"commentCount\":0,\"articleSection\":[\"16. La noche del Seder\"],\"inLanguage\":\"es\",\"potentialAction\":[{\"@type\":\"CommentAction\",\"name\":\"Comment\",\"target\":[\"https:\\\/\\\/ph.yhb.org.il\\\/es\\\/04-16-37\\\/#respond\"]}]},{\"@type\":\"WebPage\",\"@id\":\"https:\\\/\\\/ph.yhb.org.il\\\/es\\\/04-16-37\\\/\",\"url\":\"https:\\\/\\\/ph.yhb.org.il\\\/es\\\/04-16-37\\\/\",\"name\":\"37. \u00bfEst\u00e1 permitido beber caf\u00e9 o jugo tras finalizar el Seder? - Pninei Halaj\u00e1\",\"isPartOf\":{\"@id\":\"https:\\\/\\\/ph.yhb.org.il\\\/es\\\/#website\"},\"datePublished\":\"2000-04-15T21:37:32+00:00\",\"dateModified\":\"2019-02-11T09:54:59+00:00\",\"author\":{\"@id\":\"https:\\\/\\\/ph.yhb.org.il\\\/es\\\/#\\\/schema\\\/person\\\/8822293bfa4f7cd35b44a3c311851b63\"},\"breadcrumb\":{\"@id\":\"https:\\\/\\\/ph.yhb.org.il\\\/es\\\/04-16-37\\\/#breadcrumb\"},\"inLanguage\":\"es\",\"potentialAction\":[{\"@type\":\"ReadAction\",\"target\":[\"https:\\\/\\\/ph.yhb.org.il\\\/es\\\/04-16-37\\\/\"]}]},{\"@type\":\"BreadcrumbList\",\"@id\":\"https:\\\/\\\/ph.yhb.org.il\\\/es\\\/04-16-37\\\/#breadcrumb\",\"itemListElement\":[{\"@type\":\"ListItem\",\"position\":1,\"name\":\"Inicio\",\"item\":\"https:\\\/\\\/ph.yhb.org.il\\\/es\\\/\"},{\"@type\":\"ListItem\",\"position\":2,\"name\":\"37. \u00bfEst\u00e1 permitido beber caf\u00e9 o jugo tras finalizar el Seder?\"}]},{\"@type\":\"WebSite\",\"@id\":\"https:\\\/\\\/ph.yhb.org.il\\\/es\\\/#website\",\"url\":\"https:\\\/\\\/ph.yhb.org.il\\\/es\\\/\",\"name\":\"Pninei Halaj\u00e1\",\"description\":\"Rabino Eliezer Melamed\",\"potentialAction\":[{\"@type\":\"SearchAction\",\"target\":{\"@type\":\"EntryPoint\",\"urlTemplate\":\"https:\\\/\\\/ph.yhb.org.il\\\/es\\\/?s={search_term_string}\"},\"query-input\":{\"@type\":\"PropertyValueSpecification\",\"valueRequired\":true,\"valueName\":\"search_term_string\"}}],\"inLanguage\":\"es\"},{\"@type\":\"Person\",\"@id\":\"https:\\\/\\\/ph.yhb.org.il\\\/es\\\/#\\\/schema\\\/person\\\/8822293bfa4f7cd35b44a3c311851b63\",\"name\":\"\u05e6\u05d5\u05d5\u05ea \u05d4\u05d0\u05ea\u05e8\",\"image\":{\"@type\":\"ImageObject\",\"inLanguage\":\"es\",\"@id\":\"https:\\\/\\\/secure.gravatar.com\\\/avatar\\\/4839847e1f630d0e0f5d54879b51b427c551b51611b74d6558e54ff6e69ce498?s=96&d=mm&r=g\",\"url\":\"https:\\\/\\\/secure.gravatar.com\\\/avatar\\\/4839847e1f630d0e0f5d54879b51b427c551b51611b74d6558e54ff6e69ce498?s=96&d=mm&r=g\",\"contentUrl\":\"https:\\\/\\\/secure.gravatar.com\\\/avatar\\\/4839847e1f630d0e0f5d54879b51b427c551b51611b74d6558e54ff6e69ce498?s=96&d=mm&r=g\",\"caption\":\"\u05e6\u05d5\u05d5\u05ea \u05d4\u05d0\u05ea\u05e8\"},\"url\":\"https:\\\/\\\/ph.yhb.org.il\\\/es\\\/author\\\/shlomit12\\\/\"}]}<\/script>\n<!-- \/ Yoast SEO plugin. -->","yoast_head_json":{"title":"37. \u00bfEst\u00e1 permitido beber caf\u00e9 o jugo tras finalizar el Seder? - Pninei Halaj\u00e1","robots":{"index":"index","follow":"follow","max-snippet":"max-snippet:-1","max-image-preview":"max-image-preview:large","max-video-preview":"max-video-preview:-1"},"canonical":"https:\/\/ph.yhb.org.il\/es\/04-16-37\/","og_locale":"es_ES","og_type":"article","og_title":"37. \u00bfEst\u00e1 permitido beber caf\u00e9 o jugo tras finalizar el Seder? - Pninei Halaj\u00e1","og_description":"Ya aprendimos que nuestros sabios establecieron que al finalizar la cena se ingiera el afikom\u00e1n como recordatorio del sacrificio de Pesaj que era comido cuando los comensales ya estaban satisfechos, y as\u00ed como tras la ingesti\u00f3n del cordero de Pesaj estaba prohibido comer cualquier otra cosa para que perdure el sabor de la ofrenda en [&hellip;]","og_url":"https:\/\/ph.yhb.org.il\/es\/04-16-37\/","og_site_name":"Pninei Halaj\u00e1","article_published_time":"2000-04-15T21:37:32+00:00","article_modified_time":"2019-02-11T09:54:59+00:00","author":"\u05e6\u05d5\u05d5\u05ea \u05d4\u05d0\u05ea\u05e8","twitter_card":"summary_large_image","twitter_misc":{"Escrito por":"\u05e6\u05d5\u05d5\u05ea \u05d4\u05d0\u05ea\u05e8","Tiempo de lectura":"2 minutos"},"schema":{"@context":"https:\/\/schema.org","@graph":[{"@type":"Article","@id":"https:\/\/ph.yhb.org.il\/es\/04-16-37\/#article","isPartOf":{"@id":"https:\/\/ph.yhb.org.il\/es\/04-16-37\/"},"author":{"name":"\u05e6\u05d5\u05d5\u05ea \u05d4\u05d0\u05ea\u05e8","@id":"https:\/\/ph.yhb.org.il\/es\/#\/schema\/person\/8822293bfa4f7cd35b44a3c311851b63"},"headline":"37. \u00bfEst\u00e1 permitido beber caf\u00e9 o jugo tras finalizar el Seder?","datePublished":"2000-04-15T21:37:32+00:00","dateModified":"2019-02-11T09:54:59+00:00","mainEntityOfPage":{"@id":"https:\/\/ph.yhb.org.il\/es\/04-16-37\/"},"wordCount":467,"commentCount":0,"articleSection":["16. La noche del Seder"],"inLanguage":"es","potentialAction":[{"@type":"CommentAction","name":"Comment","target":["https:\/\/ph.yhb.org.il\/es\/04-16-37\/#respond"]}]},{"@type":"WebPage","@id":"https:\/\/ph.yhb.org.il\/es\/04-16-37\/","url":"https:\/\/ph.yhb.org.il\/es\/04-16-37\/","name":"37. \u00bfEst\u00e1 permitido beber caf\u00e9 o jugo tras finalizar el Seder? - Pninei Halaj\u00e1","isPartOf":{"@id":"https:\/\/ph.yhb.org.il\/es\/#website"},"datePublished":"2000-04-15T21:37:32+00:00","dateModified":"2019-02-11T09:54:59+00:00","author":{"@id":"https:\/\/ph.yhb.org.il\/es\/#\/schema\/person\/8822293bfa4f7cd35b44a3c311851b63"},"breadcrumb":{"@id":"https:\/\/ph.yhb.org.il\/es\/04-16-37\/#breadcrumb"},"inLanguage":"es","potentialAction":[{"@type":"ReadAction","target":["https:\/\/ph.yhb.org.il\/es\/04-16-37\/"]}]},{"@type":"BreadcrumbList","@id":"https:\/\/ph.yhb.org.il\/es\/04-16-37\/#breadcrumb","itemListElement":[{"@type":"ListItem","position":1,"name":"Inicio","item":"https:\/\/ph.yhb.org.il\/es\/"},{"@type":"ListItem","position":2,"name":"37. \u00bfEst\u00e1 permitido beber caf\u00e9 o jugo tras finalizar el Seder?"}]},{"@type":"WebSite","@id":"https:\/\/ph.yhb.org.il\/es\/#website","url":"https:\/\/ph.yhb.org.il\/es\/","name":"Pninei Halaj\u00e1","description":"Rabino Eliezer Melamed","potentialAction":[{"@type":"SearchAction","target":{"@type":"EntryPoint","urlTemplate":"https:\/\/ph.yhb.org.il\/es\/?s={search_term_string}"},"query-input":{"@type":"PropertyValueSpecification","valueRequired":true,"valueName":"search_term_string"}}],"inLanguage":"es"},{"@type":"Person","@id":"https:\/\/ph.yhb.org.il\/es\/#\/schema\/person\/8822293bfa4f7cd35b44a3c311851b63","name":"\u05e6\u05d5\u05d5\u05ea \u05d4\u05d0\u05ea\u05e8","image":{"@type":"ImageObject","inLanguage":"es","@id":"https:\/\/secure.gravatar.com\/avatar\/4839847e1f630d0e0f5d54879b51b427c551b51611b74d6558e54ff6e69ce498?s=96&d=mm&r=g","url":"https:\/\/secure.gravatar.com\/avatar\/4839847e1f630d0e0f5d54879b51b427c551b51611b74d6558e54ff6e69ce498?s=96&d=mm&r=g","contentUrl":"https:\/\/secure.gravatar.com\/avatar\/4839847e1f630d0e0f5d54879b51b427c551b51611b74d6558e54ff6e69ce498?s=96&d=mm&r=g","caption":"\u05e6\u05d5\u05d5\u05ea \u05d4\u05d0\u05ea\u05e8"},"url":"https:\/\/ph.yhb.org.il\/es\/author\/shlomit12\/"}]}},"_links":{"self":[{"href":"https:\/\/ph.yhb.org.il\/es\/wp-json\/wp\/v2\/posts\/3843","targetHints":{"allow":["GET"]}}],"collection":[{"href":"https:\/\/ph.yhb.org.il\/es\/wp-json\/wp\/v2\/posts"}],"about":[{"href":"https:\/\/ph.yhb.org.il\/es\/wp-json\/wp\/v2\/types\/post"}],"author":[{"embeddable":true,"href":"https:\/\/ph.yhb.org.il\/es\/wp-json\/wp\/v2\/users\/10"}],"replies":[{"embeddable":true,"href":"https:\/\/ph.yhb.org.il\/es\/wp-json\/wp\/v2\/comments?post=3843"}],"version-history":[{"count":0,"href":"https:\/\/ph.yhb.org.il\/es\/wp-json\/wp\/v2\/posts\/3843\/revisions"}],"wp:attachment":[{"href":"https:\/\/ph.yhb.org.il\/es\/wp-json\/wp\/v2\/media?parent=3843"}],"wp:term":[{"taxonomy":"category","embeddable":true,"href":"https:\/\/ph.yhb.org.il\/es\/wp-json\/wp\/v2\/categories?post=3843"},{"taxonomy":"post_tag","embeddable":true,"href":"https:\/\/ph.yhb.org.il\/es\/wp-json\/wp\/v2\/tags?post=3843"}],"curies":[{"name":"wp","href":"https:\/\/api.w.org\/{rel}","templated":true}]}}