{"id":4728,"date":"2000-12-11T00:09:28","date_gmt":"2000-12-10T22:09:28","guid":{"rendered":"https:\/\/ph.yhb.org.il\/fr\/?p=4728"},"modified":"2021-05-10T10:40:59","modified_gmt":"2021-05-10T07:40:59","slug":"12-11-09","status":"publish","type":"post","link":"https:\/\/ph.yhb.org.il\/fr\/12-11-09\/","title":{"rendered":"09 &#8211; Se raser et se couper les cheveux"},"content":{"rendered":"<p>Puisque c\u2019est une mitsva que de se faire couper les cheveux et de se raser<sup><a href='#_te01ftn11_d' id='_te01ftnref11_d' class='aup1'>[d]<\/a><\/sup> \u00e0 l\u2019approche de la f\u00eate, les sages ont interdit de le faire \u00e0 \u2018Hol hamo\u2019ed. En d\u2019autres termes, bien que, en principe, il soit permis d\u2019accomplir, \u00e0 \u2018Hol hamo\u2019ed, toute <em>m\u00e9lakha<\/em> destin\u00e9e aux soins corporels, et qu\u2019il soit donc permis d\u2019\u00f4ter du corps tout poil causant un d\u00e9plaisir, les sages ont interdit de couper ses cheveux ou sa barbe \u00e0 \u2018Hol hamo\u2019ed\u00a0; cela, parce qu\u2019ils ont craint que, s\u2019il \u00e9tait permis de se couper les cheveux \u00e0 \u2018Hol hamo\u2019ed, les gens ne repoussassent leur visite chez le coiffeur \u00e0 cette p\u00e9riode, ce par quoi ils d\u00e9consid\u00e9reraient la f\u00eate en accueillant celle-ci avec des cheveux longs. Gr\u00e2ce au d\u00e9cret interdisant de se couper les cheveux \u00e0 \u2018Hol hamo\u2019ed, les gens se h\u00e2teront d\u2019aller chez le coiffeur \u00e0 l\u2019approche de la f\u00eate (<em>Mo\u2019ed Qatan<\/em> 14, 1, <em>Choul\u2019han \u2018Aroukh <\/em>531, 1-2).<\/p>\n<p>Autrefois, les sages \u00e9taient indulgents \u00e0 l\u2019\u00e9gard de ceux qui arrivaient en caravane, d\u2019un lointain pays, peu avant la f\u00eate, et qui n\u2019avaient pas le temps de se faire coiffer\u00a0; on leur permettait donc d\u2019aller discr\u00e8tement chez le coiffeur \u00e0 \u2018Hol hamo\u2019ed (<em>Mo\u2019ed Qatan <\/em>13b, <em>Choul\u2019han \u2018Aroukh<\/em> 531, 4-5). Mais de nos jours, il n\u2019y a pas lieu d\u2019\u00eatre indulgent \u00e0 cet \u00e9gard, car les voyages sont courts, et, en tout endroit, il est possible de se faire coiffer. Toutefois, si l\u2019on s\u2019est perdu en chemin, en un endroit solitaire pendant quelques semaines, et que l\u2019on ne soit parvenu \u00e0 s\u2019en d\u00e9p\u00eatrer que pendant la f\u00eate, on sera autoris\u00e9 \u00e0 se faire couper les cheveux, discr\u00e8tement, \u00e0 \u2018Hol hamo\u2019ed.<\/p>\n<p>Comme nous le disions, l\u2019interdit ne concerne que les cheveux et la barbe, car, lorsqu\u2019on les porte plus longs qu\u2019\u00e0 son habitude, on para\u00eet n\u00e9glig\u00e9, ce par quoi l\u2019on m\u00e9priserait la f\u00eate. Mais les sages n\u2019ont pas \u00e9tendu leur d\u00e9cret aux autres poils du corps, non plus qu\u2019\u00e0 la moustache, et il est permis de couper ceux-ci pendant la f\u00eate (<em>Choul\u2019han \u2018Aroukh<\/em> 531, 8, <em>Cha\u2019ar Hatsioun<\/em> 15). Quand une personne a des plaies sur le cuir chevelu, il est permis de lui couper les cheveux afin d\u2019all\u00e9ger sa douleur, ou de le soigner (<em>Michna Beroura<\/em> 531, 21).<\/p>\n<p>Il est permis de coiffer un enfant dont les cheveux sont longs et le font souffrir\u00a0: puisque cet enfant n\u2019est pas encore parvenu \u00e0 l\u2019\u00e2ge des mitsvot, il n\u2019a pas l\u2019obligation de se pr\u00e9parer \u00e0 la f\u00eate\u00a0; d\u00e8s lors, les sages n\u2019ont pas interdit de lui couper les cheveux \u00e0 \u2018Hol hamo\u2019ed (<em>Choul\u2019han \u2018Aroukh<\/em> 531, 6). Ceux qui ont coutume de f\u00eater la premi\u00e8re coupe de cheveux de leur fils \u00e0 l\u2019\u00e2ge de trois ans sont autoris\u00e9s \u00e0 lui couper les cheveux \u00e0 \u2018Hol hamo\u2019ed. M\u00eame lorsque son anniversaire tombe avant la f\u00eate, il est permis d\u2019attendre \u2018Hol hamo\u2019ed pour proc\u00e9der \u00e0 sa coupe de cheveux, afin d\u2019accro\u00eetre la joie (<em>Gan Ham\u00e9lekh<\/em>, <em>Cha\u2019ar\u00e9 Techouva<\/em> 531, 7).<\/p>\n<p>De nos jours, une grande question se pose\u00a0: est-il permis \u00e0 ceux qui ont l\u2019habitude de se raser tous les jours de le faire \u00e9galement \u00e0 \u2018Hol hamo\u2019ed\u00a0? Certains pensent que l\u2019interdit reste inchang\u00e9, puisque tel est bien le d\u00e9cret pris par les sages, de ne point se couper les cheveux ni de se faire la barbe \u00e0 \u2018Hol hamo\u2019ed. Mais en pratique, il semble que quiconque a l\u2019habitude de se raser chaque jour, et a \u00e9galement eu soin de se raser la veille du premier jour de f\u00eate, est autoris\u00e9 \u00e0 le faire \u00e0 \u2018Hol hamo\u2019ed. Puisque l\u2019on n\u2019a pas \u00e9t\u00e9 n\u00e9gligent \u00e0 l\u2019\u00e9gard de l\u2019honneur d\u00fb au Yom tov, et que le rasage fait \u00e0 la veille de Yom tov n\u2019est pas efficace pour l\u2019ensemble de la f\u00eate, il est permis de se raser \u00e0 \u2018Hol hamo\u2019ed \u2013 et il y a m\u00eame en cela une mitsva. En particulier, c\u2019est une mitsva de se raser en l\u2019honneur de Chabbat et du dernier jour de Yom tov. Toutefois, celui dont le p\u00e8re a coutume d\u2019\u00eatre rigoureux fera mieux, pour ne pas porter atteinte \u00e0 l\u2019honneur de son p\u00e8re, de se conduire comme lui<sup><a href='#_te01ftn11_4' id='_te01ftnref11_4' class='aup1'>[4]<\/a><\/sup>.<\/p>\n<div>\n<hr size=\"1\" \/>\n<div>\n<a href='#_te01ftnref11_d' id='_te01ftn11_d'>[d]<\/a>. Pour ceux qui ne portent pas de barbe.<\/p>\n<p><a href='#_te01ftnref11_4' id='_te01ftn11_4'>[4]<\/a>. Selon Rabb\u00e9nou Tam, le but poursuivi par ce d\u00e9cret est que les gens se coupent les cheveux \u00e0 la veille de la f\u00eate. Aussi, celui qui l\u2019a fait est autoris\u00e9 \u00e0 le faire \u00e9galement \u00e0 \u2018Hol hamo\u2019ed. Cependant, de l\u2019avis de la majorit\u00e9 des Richonim, m\u00eame si l\u2019on s\u2019est coup\u00e9 les cheveux \u00e0 la veille de la f\u00eate, il sera interdit de le faire \u00e0 \u2018Hol hamo\u2019ed (<em>Or Zaroua\u2019<\/em>, <em>Hagahot Ma\u00efmoniot<\/em>, Mordekhi, <em>Tour \u2013 Choul\u2019han \u2018Aroukh<\/em> 531, 2)\u00a0; car ceux qui verront un Juif en train de se faire couper les cheveux \u00e0 \u2018Hol hamo\u2019ed ne sauront pas n\u00e9cessairement qu\u2019il s\u2019est d\u00e9j\u00e0 fait coiffer avant la f\u00eate. Une preuve est apport\u00e9e \u00e0 l\u2019appui de leur opinion, de ce que cette permission suppos\u00e9e n\u2019est pas mentionn\u00e9e dans la michna <em>Mo\u2019ed Qatan<\/em> 13b, dans la liste des personnes autoris\u00e9es \u00e0 se raser. Cependant, ces raisonnements ne s\u2019appliquent pas \u00e0 ceux qui ont l\u2019usage de se raser chaque jour, car ce n\u2019est pas d\u2019eux que traite la michna\u00a0; en effet, un tel usage n\u2019existait pas \u00e0 cette \u00e9poque.<\/p>\n<p>Il n\u2019est pas \u00e0 craindre d\u2019\u00eatre soup\u00e7onn\u00e9 de ne pas s\u2019\u00eatre ras\u00e9 \u00e0 la veille de la f\u00eate\u00a0: d\u00e8s lors qu\u2019on a l\u2019habitude de se raser chaque jour, il est \u00e0 supposer, \u00e0 plus forte raison, qu\u2019on l\u2019aura fait avant la f\u00eate. De plus, le fondement m\u00eame du d\u00e9cret des sages est que l\u2019on ne paraisse pas n\u00e9glig\u00e9 ou hirsute pendant la f\u00eate\u00a0; or, si ceux qui se rasent habituellement ne le faisaient pas \u00e0 \u2018Hol hamo\u2019ed, ils ressembleraient \u00e0 des endeuill\u00e9s, ce qui serait \u00e0 l\u2019inverse de l\u2019intention des sages. Cf. <em>Igrot Moch\u00e9, Ora\u2019h \u2018Ha\u00efm<\/em> I 163, qui \u00e9crit en 5708 (1948) \u2013 lorsque les rasoirs \u00e9lectriques \u00e9taient encore relativement rares \u2013 qu\u2019il n\u2019y a pas l\u00e0 d\u2019interdit. C\u2019est aussi ce qu\u2019enseignait le Rav Tsvi Pessa\u2019h Frank (<em>Dvar \u2018Hevron<\/em> 543), et tel est l\u2019avis du <em>Sia\u2019h Na\u2019houm<\/em> 30. On rapporte aussi au nom du Rav Soloveitchik que se raser est une mitsva, et qu\u2019il reprenait ceux de ses \u00e9l\u00e8ves qui ne le faisaient pas.<\/p>\n<p>Face \u00e0 cela, nombreux sont ceux qui ont l\u2019usage d\u2019\u00eatre rigoureux, conform\u00e9ment \u00e0 l\u2019opinion du <em>Divr\u00e9 Isra\u00ebl<\/em> (du Rav Isra\u00ebl Weltz) I 140 et du <em>Chemirat Chabbat Kehilkhata<\/em> 66, 23. Cf. <em>Pisq\u00e9 Techouvot<\/em> 531, 2. C\u2019est aussi en ce sens qu\u2019incline le <em>\u2018Hazon \u2018Ovadia<\/em> p. 191. Toutefois, dans la mesure o\u00f9 le d\u00e9cret portant sur le fait de se couper les cheveux ou la barbe est de rang rabbinique, qu\u2019il est sujet \u00e0 controverse, et qu\u2019en revanche c\u2019est une mitsva toranique d\u2019honorer la f\u00eate par de beaux v\u00eatements et de ne point la d\u00e9consid\u00e9rer par des poils de barbe qui sembleraient \u00eatre une marque de deuil, il y a lieu d\u2019enseigner que c\u2019est bien une mitsva que de se raser \u00e0 \u2018Hol hamo\u2019ed, en particulier la veille de Chabbat et de Yom tov. Simplement, celui dont le p\u00e8re a coutume d\u2019\u00eatre rigoureux et pr\u00e9f\u00e8re que son fils se conduise comme lui fera bien de perp\u00e9tuer la coutume paternelle, au titre de la mitsva de l\u2019honneur d\u00fb aux parents\u00a0; cela, en particulier quand le fils se trouve, pendant la f\u00eate, aupr\u00e8s de son p\u00e8re.<\/p>\n<\/div>\n<\/div>\n","protected":false},"excerpt":{"rendered":"<p>Puisque c\u2019est une mitsva que de se faire couper les cheveux et de se raser[d] \u00e0 l\u2019approche de la f\u00eate, les sages ont interdit de le faire \u00e0 \u2018Hol hamo\u2019ed. En d\u2019autres termes, bien que, en principe, il soit permis d\u2019accomplir, \u00e0 \u2018Hol hamo\u2019ed, toute m\u00e9lakha destin\u00e9e aux soins corporels, et qu\u2019il soit donc permis [&hellip;]<\/p>\n","protected":false},"author":10,"featured_media":0,"comment_status":"closed","ping_status":"open","sticky":false,"template":"","format":"standard","meta":{"footnotes":""},"categories":[202],"tags":[],"class_list":["post-4728","post","type-post","status-publish","format-standard","hentry","category-12-11"],"yoast_head":"<!-- This site is optimized with the Yoast SEO plugin v27.3 - https:\/\/yoast.com\/product\/yoast-seo-wordpress\/ -->\n<title>09 - Se raser et se couper les cheveux - Pnin\u00e9 Halakha<\/title>\n<meta name=\"robots\" content=\"index, follow, max-snippet:-1, max-image-preview:large, max-video-preview:-1\" \/>\n<link rel=\"canonical\" href=\"https:\/\/ph.yhb.org.il\/fr\/12-11-09\/\" \/>\n<meta property=\"og:locale\" content=\"fr_FR\" \/>\n<meta property=\"og:type\" content=\"article\" \/>\n<meta property=\"og:title\" content=\"09 - Se raser et se couper les cheveux - Pnin\u00e9 Halakha\" \/>\n<meta property=\"og:description\" content=\"Puisque c\u2019est une mitsva que de se faire couper les cheveux et de se raser[d] \u00e0 l\u2019approche de la f\u00eate, les sages ont interdit de le faire \u00e0 \u2018Hol hamo\u2019ed. En d\u2019autres termes, bien que, en principe, il soit permis d\u2019accomplir, \u00e0 \u2018Hol hamo\u2019ed, toute m\u00e9lakha destin\u00e9e aux soins corporels, et qu\u2019il soit donc permis [&hellip;]\" \/>\n<meta property=\"og:url\" content=\"https:\/\/ph.yhb.org.il\/fr\/12-11-09\/\" \/>\n<meta property=\"og:site_name\" content=\"Pnin\u00e9 Halakha\" \/>\n<meta property=\"article:published_time\" content=\"2000-12-10T22:09:28+00:00\" \/>\n<meta property=\"article:modified_time\" content=\"2021-05-10T07:40:59+00:00\" \/>\n<meta name=\"author\" content=\"\u05e6\u05d5\u05d5\u05ea \u05d4\u05d0\u05ea\u05e8\" \/>\n<meta name=\"twitter:card\" content=\"summary_large_image\" \/>\n<meta name=\"twitter:label1\" content=\"\u00c9crit par\" \/>\n\t<meta name=\"twitter:data1\" content=\"\u05e6\u05d5\u05d5\u05ea \u05d4\u05d0\u05ea\u05e8\" \/>\n\t<meta name=\"twitter:label2\" content=\"Dur\u00e9e de lecture estim\u00e9e\" \/>\n\t<meta name=\"twitter:data2\" content=\"7 minutes\" \/>\n<script type=\"application\/ld+json\" class=\"yoast-schema-graph\">{\"@context\":\"https:\\\/\\\/schema.org\",\"@graph\":[{\"@type\":\"Article\",\"@id\":\"https:\\\/\\\/ph.yhb.org.il\\\/fr\\\/12-11-09\\\/#article\",\"isPartOf\":{\"@id\":\"https:\\\/\\\/ph.yhb.org.il\\\/fr\\\/12-11-09\\\/\"},\"author\":{\"name\":\"\u05e6\u05d5\u05d5\u05ea \u05d4\u05d0\u05ea\u05e8\",\"@id\":\"https:\\\/\\\/ph.yhb.org.il\\\/fr\\\/#\\\/schema\\\/person\\\/8822293bfa4f7cd35b44a3c311851b63\"},\"headline\":\"09 &#8211; Se raser et se couper les cheveux\",\"datePublished\":\"2000-12-10T22:09:28+00:00\",\"dateModified\":\"2021-05-10T07:40:59+00:00\",\"mainEntityOfPage\":{\"@id\":\"https:\\\/\\\/ph.yhb.org.il\\\/fr\\\/12-11-09\\\/\"},\"wordCount\":1343,\"articleSection\":[\"11 - Le travail ex\u00e9cut\u00e9 \u00e0 \u2018Hol hamo\u2019ed\"],\"inLanguage\":\"fr-FR\"},{\"@type\":\"WebPage\",\"@id\":\"https:\\\/\\\/ph.yhb.org.il\\\/fr\\\/12-11-09\\\/\",\"url\":\"https:\\\/\\\/ph.yhb.org.il\\\/fr\\\/12-11-09\\\/\",\"name\":\"09 - Se raser et se couper les cheveux - Pnin\u00e9 Halakha\",\"isPartOf\":{\"@id\":\"https:\\\/\\\/ph.yhb.org.il\\\/fr\\\/#website\"},\"datePublished\":\"2000-12-10T22:09:28+00:00\",\"dateModified\":\"2021-05-10T07:40:59+00:00\",\"author\":{\"@id\":\"https:\\\/\\\/ph.yhb.org.il\\\/fr\\\/#\\\/schema\\\/person\\\/8822293bfa4f7cd35b44a3c311851b63\"},\"breadcrumb\":{\"@id\":\"https:\\\/\\\/ph.yhb.org.il\\\/fr\\\/12-11-09\\\/#breadcrumb\"},\"inLanguage\":\"fr-FR\",\"potentialAction\":[{\"@type\":\"ReadAction\",\"target\":[\"https:\\\/\\\/ph.yhb.org.il\\\/fr\\\/12-11-09\\\/\"]}]},{\"@type\":\"BreadcrumbList\",\"@id\":\"https:\\\/\\\/ph.yhb.org.il\\\/fr\\\/12-11-09\\\/#breadcrumb\",\"itemListElement\":[{\"@type\":\"ListItem\",\"position\":1,\"name\":\"\u05d3\u05e3 \u05d4\u05d1\u05d9\u05ea\",\"item\":\"https:\\\/\\\/ph.yhb.org.il\\\/fr\\\/\"},{\"@type\":\"ListItem\",\"position\":2,\"name\":\"09 &#8211; Se raser et se couper les cheveux\"}]},{\"@type\":\"WebSite\",\"@id\":\"https:\\\/\\\/ph.yhb.org.il\\\/fr\\\/#website\",\"url\":\"https:\\\/\\\/ph.yhb.org.il\\\/fr\\\/\",\"name\":\"Pnin\u00e9 Halakha\",\"description\":\"Rav Eli\u00e9zer Melamed\",\"potentialAction\":[{\"@type\":\"SearchAction\",\"target\":{\"@type\":\"EntryPoint\",\"urlTemplate\":\"https:\\\/\\\/ph.yhb.org.il\\\/fr\\\/?s={search_term_string}\"},\"query-input\":{\"@type\":\"PropertyValueSpecification\",\"valueRequired\":true,\"valueName\":\"search_term_string\"}}],\"inLanguage\":\"fr-FR\"},{\"@type\":\"Person\",\"@id\":\"https:\\\/\\\/ph.yhb.org.il\\\/fr\\\/#\\\/schema\\\/person\\\/8822293bfa4f7cd35b44a3c311851b63\",\"name\":\"\u05e6\u05d5\u05d5\u05ea \u05d4\u05d0\u05ea\u05e8\",\"image\":{\"@type\":\"ImageObject\",\"inLanguage\":\"fr-FR\",\"@id\":\"https:\\\/\\\/secure.gravatar.com\\\/avatar\\\/4839847e1f630d0e0f5d54879b51b427c551b51611b74d6558e54ff6e69ce498?s=96&d=mm&r=g\",\"url\":\"https:\\\/\\\/secure.gravatar.com\\\/avatar\\\/4839847e1f630d0e0f5d54879b51b427c551b51611b74d6558e54ff6e69ce498?s=96&d=mm&r=g\",\"contentUrl\":\"https:\\\/\\\/secure.gravatar.com\\\/avatar\\\/4839847e1f630d0e0f5d54879b51b427c551b51611b74d6558e54ff6e69ce498?s=96&d=mm&r=g\",\"caption\":\"\u05e6\u05d5\u05d5\u05ea \u05d4\u05d0\u05ea\u05e8\"},\"url\":\"https:\\\/\\\/ph.yhb.org.il\\\/fr\\\/author\\\/shlomit12\\\/\"}]}<\/script>\n<!-- \/ Yoast SEO plugin. -->","yoast_head_json":{"title":"09 - Se raser et se couper les cheveux - Pnin\u00e9 Halakha","robots":{"index":"index","follow":"follow","max-snippet":"max-snippet:-1","max-image-preview":"max-image-preview:large","max-video-preview":"max-video-preview:-1"},"canonical":"https:\/\/ph.yhb.org.il\/fr\/12-11-09\/","og_locale":"fr_FR","og_type":"article","og_title":"09 - Se raser et se couper les cheveux - Pnin\u00e9 Halakha","og_description":"Puisque c\u2019est une mitsva que de se faire couper les cheveux et de se raser[d] \u00e0 l\u2019approche de la f\u00eate, les sages ont interdit de le faire \u00e0 \u2018Hol hamo\u2019ed. En d\u2019autres termes, bien que, en principe, il soit permis d\u2019accomplir, \u00e0 \u2018Hol hamo\u2019ed, toute m\u00e9lakha destin\u00e9e aux soins corporels, et qu\u2019il soit donc permis [&hellip;]","og_url":"https:\/\/ph.yhb.org.il\/fr\/12-11-09\/","og_site_name":"Pnin\u00e9 Halakha","article_published_time":"2000-12-10T22:09:28+00:00","article_modified_time":"2021-05-10T07:40:59+00:00","author":"\u05e6\u05d5\u05d5\u05ea \u05d4\u05d0\u05ea\u05e8","twitter_card":"summary_large_image","twitter_misc":{"\u00c9crit par":"\u05e6\u05d5\u05d5\u05ea \u05d4\u05d0\u05ea\u05e8","Dur\u00e9e de lecture estim\u00e9e":"7 minutes"},"schema":{"@context":"https:\/\/schema.org","@graph":[{"@type":"Article","@id":"https:\/\/ph.yhb.org.il\/fr\/12-11-09\/#article","isPartOf":{"@id":"https:\/\/ph.yhb.org.il\/fr\/12-11-09\/"},"author":{"name":"\u05e6\u05d5\u05d5\u05ea \u05d4\u05d0\u05ea\u05e8","@id":"https:\/\/ph.yhb.org.il\/fr\/#\/schema\/person\/8822293bfa4f7cd35b44a3c311851b63"},"headline":"09 &#8211; Se raser et se couper les cheveux","datePublished":"2000-12-10T22:09:28+00:00","dateModified":"2021-05-10T07:40:59+00:00","mainEntityOfPage":{"@id":"https:\/\/ph.yhb.org.il\/fr\/12-11-09\/"},"wordCount":1343,"articleSection":["11 - Le travail ex\u00e9cut\u00e9 \u00e0 \u2018Hol hamo\u2019ed"],"inLanguage":"fr-FR"},{"@type":"WebPage","@id":"https:\/\/ph.yhb.org.il\/fr\/12-11-09\/","url":"https:\/\/ph.yhb.org.il\/fr\/12-11-09\/","name":"09 - Se raser et se couper les cheveux - Pnin\u00e9 Halakha","isPartOf":{"@id":"https:\/\/ph.yhb.org.il\/fr\/#website"},"datePublished":"2000-12-10T22:09:28+00:00","dateModified":"2021-05-10T07:40:59+00:00","author":{"@id":"https:\/\/ph.yhb.org.il\/fr\/#\/schema\/person\/8822293bfa4f7cd35b44a3c311851b63"},"breadcrumb":{"@id":"https:\/\/ph.yhb.org.il\/fr\/12-11-09\/#breadcrumb"},"inLanguage":"fr-FR","potentialAction":[{"@type":"ReadAction","target":["https:\/\/ph.yhb.org.il\/fr\/12-11-09\/"]}]},{"@type":"BreadcrumbList","@id":"https:\/\/ph.yhb.org.il\/fr\/12-11-09\/#breadcrumb","itemListElement":[{"@type":"ListItem","position":1,"name":"\u05d3\u05e3 \u05d4\u05d1\u05d9\u05ea","item":"https:\/\/ph.yhb.org.il\/fr\/"},{"@type":"ListItem","position":2,"name":"09 &#8211; Se raser et se couper les cheveux"}]},{"@type":"WebSite","@id":"https:\/\/ph.yhb.org.il\/fr\/#website","url":"https:\/\/ph.yhb.org.il\/fr\/","name":"Pnin\u00e9 Halakha","description":"Rav Eli\u00e9zer Melamed","potentialAction":[{"@type":"SearchAction","target":{"@type":"EntryPoint","urlTemplate":"https:\/\/ph.yhb.org.il\/fr\/?s={search_term_string}"},"query-input":{"@type":"PropertyValueSpecification","valueRequired":true,"valueName":"search_term_string"}}],"inLanguage":"fr-FR"},{"@type":"Person","@id":"https:\/\/ph.yhb.org.il\/fr\/#\/schema\/person\/8822293bfa4f7cd35b44a3c311851b63","name":"\u05e6\u05d5\u05d5\u05ea \u05d4\u05d0\u05ea\u05e8","image":{"@type":"ImageObject","inLanguage":"fr-FR","@id":"https:\/\/secure.gravatar.com\/avatar\/4839847e1f630d0e0f5d54879b51b427c551b51611b74d6558e54ff6e69ce498?s=96&d=mm&r=g","url":"https:\/\/secure.gravatar.com\/avatar\/4839847e1f630d0e0f5d54879b51b427c551b51611b74d6558e54ff6e69ce498?s=96&d=mm&r=g","contentUrl":"https:\/\/secure.gravatar.com\/avatar\/4839847e1f630d0e0f5d54879b51b427c551b51611b74d6558e54ff6e69ce498?s=96&d=mm&r=g","caption":"\u05e6\u05d5\u05d5\u05ea \u05d4\u05d0\u05ea\u05e8"},"url":"https:\/\/ph.yhb.org.il\/fr\/author\/shlomit12\/"}]}},"_links":{"self":[{"href":"https:\/\/ph.yhb.org.il\/fr\/wp-json\/wp\/v2\/posts\/4728","targetHints":{"allow":["GET"]}}],"collection":[{"href":"https:\/\/ph.yhb.org.il\/fr\/wp-json\/wp\/v2\/posts"}],"about":[{"href":"https:\/\/ph.yhb.org.il\/fr\/wp-json\/wp\/v2\/types\/post"}],"author":[{"embeddable":true,"href":"https:\/\/ph.yhb.org.il\/fr\/wp-json\/wp\/v2\/users\/10"}],"replies":[{"embeddable":true,"href":"https:\/\/ph.yhb.org.il\/fr\/wp-json\/wp\/v2\/comments?post=4728"}],"version-history":[{"count":0,"href":"https:\/\/ph.yhb.org.il\/fr\/wp-json\/wp\/v2\/posts\/4728\/revisions"}],"wp:attachment":[{"href":"https:\/\/ph.yhb.org.il\/fr\/wp-json\/wp\/v2\/media?parent=4728"}],"wp:term":[{"taxonomy":"category","embeddable":true,"href":"https:\/\/ph.yhb.org.il\/fr\/wp-json\/wp\/v2\/categories?post=4728"},{"taxonomy":"post_tag","embeddable":true,"href":"https:\/\/ph.yhb.org.il\/fr\/wp-json\/wp\/v2\/tags?post=4728"}],"curies":[{"name":"wp","href":"https:\/\/api.w.org\/{rel}","templated":true}]}}